{"id":799,"date":"2016-09-15T17:30:50","date_gmt":"2016-09-15T15:30:50","guid":{"rendered":"http:\/\/jlggb.net\/blog5\/?p=799"},"modified":"2025-01-27T11:28:12","modified_gmt":"2025-01-27T10:28:12","slug":"mutatis-mutandis","status":"publish","type":"post","link":"http:\/\/jlggb.net\/blog5\/2016\/09\/15\/mutatis-mutandis\/","title":{"rendered":"Mutatis mutandis"},"content":{"rendered":"<p><a href=\"http:\/\/jlggb.net\/blog5\/wp-content\/uploads\/2016\/09\/parc-memorial-03-20160915.jpg\" data-rel=\"lightbox-image-0\" data-imagelightbox=\"0\" data-rl_title=\"\" data-rl_caption=\"\" title=\"\"><img loading=\"lazy\" decoding=\"async\" src=\"http:\/\/jlggb.net\/blog5\/wp-content\/uploads\/2016\/09\/parc-memorial-03-20160915.jpg\" alt=\"parc-memorial-03-20160915\" width=\"640\" height=\"480\" class=\"alignnone size-full wp-image-801\" srcset=\"http:\/\/jlggb.net\/blog5\/wp-content\/uploads\/2016\/09\/parc-memorial-03-20160915.jpg 2000w, http:\/\/jlggb.net\/blog5\/wp-content\/uploads\/2016\/09\/parc-memorial-03-20160915-400x300.jpg 400w, http:\/\/jlggb.net\/blog5\/wp-content\/uploads\/2016\/09\/parc-memorial-03-20160915-768x576.jpg 768w, http:\/\/jlggb.net\/blog5\/wp-content\/uploads\/2016\/09\/parc-memorial-03-20160915-150x113.jpg 150w\" sizes=\"auto, (max-width: 640px) 100vw, 640px\" \/><\/a><br \/>\n<a href=\"http:\/\/jlggb.net\/blog5\/wp-content\/uploads\/2016\/09\/parc-memorial-02-20160915.jpg\" data-rel=\"lightbox-image-1\" data-imagelightbox=\"1\" data-rl_title=\"\" data-rl_caption=\"\" title=\"\"><img loading=\"lazy\" decoding=\"async\" src=\"http:\/\/jlggb.net\/blog5\/wp-content\/uploads\/2016\/09\/parc-memorial-02-20160915.jpg\" alt=\"parc-memorial-02-20160915\" width=\"640\" height=\"480\" class=\"alignnone size-full wp-image-803\" srcset=\"http:\/\/jlggb.net\/blog5\/wp-content\/uploads\/2016\/09\/parc-memorial-02-20160915.jpg 2000w, http:\/\/jlggb.net\/blog5\/wp-content\/uploads\/2016\/09\/parc-memorial-02-20160915-400x300.jpg 400w, http:\/\/jlggb.net\/blog5\/wp-content\/uploads\/2016\/09\/parc-memorial-02-20160915-768x576.jpg 768w, http:\/\/jlggb.net\/blog5\/wp-content\/uploads\/2016\/09\/parc-memorial-02-20160915-150x113.jpg 150w\" sizes=\"auto, (max-width: 640px) 100vw, 640px\" \/><\/a><br \/>\n<a href=\"http:\/\/jlggb.net\/blog5\/wp-content\/uploads\/2016\/09\/parc-memorial-01-20160915.jpg\" data-rel=\"lightbox-image-2\" data-imagelightbox=\"2\" data-rl_title=\"\" data-rl_caption=\"\" title=\"\"><img loading=\"lazy\" decoding=\"async\" src=\"http:\/\/jlggb.net\/blog5\/wp-content\/uploads\/2016\/09\/parc-memorial-01-20160915.jpg\" alt=\"parc-memorial-01-20160915\" width=\"640\" height=\"480\" class=\"alignnone size-full wp-image-802\" srcset=\"http:\/\/jlggb.net\/blog5\/wp-content\/uploads\/2016\/09\/parc-memorial-01-20160915.jpg 2000w, http:\/\/jlggb.net\/blog5\/wp-content\/uploads\/2016\/09\/parc-memorial-01-20160915-400x300.jpg 400w, http:\/\/jlggb.net\/blog5\/wp-content\/uploads\/2016\/09\/parc-memorial-01-20160915-768x576.jpg 768w, http:\/\/jlggb.net\/blog5\/wp-content\/uploads\/2016\/09\/parc-memorial-01-20160915-150x113.jpg 150w\" sizes=\"auto, (max-width: 640px) 100vw, 640px\" \/><\/a><br \/>\nJeudi 15 septembre 2016, 17h30, Tokyo. La nuit tombe sur le parc m\u00e9morial d&rsquo;Arisugawa-no-miya. En faveur de la sant\u00e9 des enfants et de leur fr\u00e9quentation de la nature, il est construit au d\u00e9but des ann\u00e9es trente. Il tient \u00e0 la fois du jardin paysager et des parcs citadins europ\u00e9ens de la fin du 19e si\u00e8cle. Parcours compliqu\u00e9 mais am\u00e9nag\u00e9 \u00e0 l&rsquo;extr\u00eame. Les barri\u00e8res sont en ciment qui imite les branches, en fer ou en bois. Un ensemble d&rsquo;arbres portent sur leur tronc un ruban rose. Pourquoi&nbsp;? Il n&rsquo;est plus jamais ferm\u00e9, les portails ont \u00e9t\u00e9 d\u00e9mont\u00e9s. En mars 1995, je fis ici l&rsquo;un des courts tableaux cin\u00e9matographiques de <em>Mutatis mutandis<\/em>, o\u00f9 les m\u00eames images montraient alternativement deux logiques \u00e9v\u00e9nementielles diff\u00e9rentes. C&rsquo;\u00e9tait celui de deux corbeaux sur une branche. Retour en 2025, le 15 janvier&nbsp;: <a href=\"https:\/\/jlggb.net\/blog9\/2025\/01\/15\/parc-memorial-darisugawa-no-miya\/\">https:\/\/jlggb.net\/blog9\/2025\/01\/15\/parc-memorial-darisugawa-no-miya\/<\/a><\/p>\n","protected":false},"excerpt":{"rendered":"<p>Jeudi 15 septembre 2016, 17h30, Tokyo. La nuit tombe sur le parc m\u00e9morial d&rsquo;Arisugawa-no-miya. En faveur de la sant\u00e9 des enfants et de leur fr\u00e9quentation de la nature, il est construit au d\u00e9but des ann\u00e9es trente. Il tient \u00e0 la fois du jardin paysager et des parcs citadins europ\u00e9ens de la fin du 19e si\u00e8cle. &hellip; <a href=\"http:\/\/jlggb.net\/blog5\/2016\/09\/15\/mutatis-mutandis\/\" class=\"more-link\">Continuer la lecture de <span class=\"screen-reader-text\">Mutatis mutandis<\/span><\/a><\/p>\n","protected":false},"author":1,"featured_media":0,"comment_status":"closed","ping_status":"closed","sticky":false,"template":"","format":"standard","meta":{"footnotes":""},"categories":[58,10,11],"tags":[35,218,217],"class_list":["post-799","post","type-post","status-publish","format-standard","hentry","category-memoration","category-notation","category-superposition","tag-arbre","tag-nuit","tag-parc"],"_links":{"self":[{"href":"http:\/\/jlggb.net\/blog5\/wp-json\/wp\/v2\/posts\/799","targetHints":{"allow":["GET"]}}],"collection":[{"href":"http:\/\/jlggb.net\/blog5\/wp-json\/wp\/v2\/posts"}],"about":[{"href":"http:\/\/jlggb.net\/blog5\/wp-json\/wp\/v2\/types\/post"}],"author":[{"embeddable":true,"href":"http:\/\/jlggb.net\/blog5\/wp-json\/wp\/v2\/users\/1"}],"replies":[{"embeddable":true,"href":"http:\/\/jlggb.net\/blog5\/wp-json\/wp\/v2\/comments?post=799"}],"version-history":[{"count":1,"href":"http:\/\/jlggb.net\/blog5\/wp-json\/wp\/v2\/posts\/799\/revisions"}],"predecessor-version":[{"id":3440,"href":"http:\/\/jlggb.net\/blog5\/wp-json\/wp\/v2\/posts\/799\/revisions\/3440"}],"wp:attachment":[{"href":"http:\/\/jlggb.net\/blog5\/wp-json\/wp\/v2\/media?parent=799"}],"wp:term":[{"taxonomy":"category","embeddable":true,"href":"http:\/\/jlggb.net\/blog5\/wp-json\/wp\/v2\/categories?post=799"},{"taxonomy":"post_tag","embeddable":true,"href":"http:\/\/jlggb.net\/blog5\/wp-json\/wp\/v2\/tags?post=799"}],"curies":[{"name":"wp","href":"https:\/\/api.w.org\/{rel}","templated":true}]}}