{"id":652,"date":"2016-08-05T23:00:55","date_gmt":"2016-08-05T21:00:55","guid":{"rendered":"http:\/\/jlggb.net\/blog5\/?p=652"},"modified":"2017-08-18T00:42:48","modified_gmt":"2017-08-17T22:42:48","slug":"enquete-raymond","status":"publish","type":"post","link":"http:\/\/jlggb.net\/blog5\/2016\/08\/05\/enquete-raymond\/","title":{"rendered":"Enqu\u00eate Raymond (Arch\u00e9ographie. Ch. 1)"},"content":{"rendered":"<p><a href=\"http:\/\/jlggb.net\/blog5\/wp-content\/uploads\/2016\/08\/taine-raymond-2016.jpg\" data-rel=\"lightbox-image-0\" data-imagelightbox=\"0\" data-rl_title=\"\" data-rl_caption=\"\" title=\"\"><img loading=\"lazy\" decoding=\"async\" class=\"alignnone size-full wp-image-659\" src=\"http:\/\/jlggb.net\/blog5\/wp-content\/uploads\/2016\/08\/taine-raymond-2016.jpg\" alt=\"taine-raymond-2016\" width=\"640\" height=\"640\" srcset=\"http:\/\/jlggb.net\/blog5\/wp-content\/uploads\/2016\/08\/taine-raymond-2016.jpg 2000w, http:\/\/jlggb.net\/blog5\/wp-content\/uploads\/2016\/08\/taine-raymond-2016-150x150.jpg 150w, http:\/\/jlggb.net\/blog5\/wp-content\/uploads\/2016\/08\/taine-raymond-2016-300x300.jpg 300w, http:\/\/jlggb.net\/blog5\/wp-content\/uploads\/2016\/08\/taine-raymond-2016-768x768.jpg 768w, http:\/\/jlggb.net\/blog5\/wp-content\/uploads\/2016\/08\/taine-raymond-2016-1500x1500.jpg 1500w\" sizes=\"auto, (max-width: 640px) 100vw, 640px\" \/><\/a><br \/>\n<a href=\"http:\/\/jlggb.net\/blog5\/wp-content\/uploads\/2016\/08\/taine-queneau-doisneau-2016.jpg\" data-rel=\"lightbox-image-1\" data-imagelightbox=\"1\" data-rl_title=\"\" data-rl_caption=\"\" title=\"\"><img loading=\"lazy\" decoding=\"async\" class=\"alignnone size-full wp-image-660\" src=\"http:\/\/jlggb.net\/blog5\/wp-content\/uploads\/2016\/08\/taine-queneau-doisneau-2016.jpg\" alt=\"taine-queneau-doisneau-2016\" width=\"640\" height=\"640\" srcset=\"http:\/\/jlggb.net\/blog5\/wp-content\/uploads\/2016\/08\/taine-queneau-doisneau-2016.jpg 2000w, http:\/\/jlggb.net\/blog5\/wp-content\/uploads\/2016\/08\/taine-queneau-doisneau-2016-150x150.jpg 150w, http:\/\/jlggb.net\/blog5\/wp-content\/uploads\/2016\/08\/taine-queneau-doisneau-2016-300x300.jpg 300w, http:\/\/jlggb.net\/blog5\/wp-content\/uploads\/2016\/08\/taine-queneau-doisneau-2016-768x768.jpg 768w, http:\/\/jlggb.net\/blog5\/wp-content\/uploads\/2016\/08\/taine-queneau-doisneau-2016-1500x1500.jpg 1500w\" sizes=\"auto, (max-width: 640px) 100vw, 640px\" \/><\/a><br \/>\nVendredi 5 ao\u00fbt 2016, 17h30, rue Taine, Paris, 12e. Au num\u00e9ro 16, \u00e0 la hauteur de la boucherie qui fut \u00ab chevaline \u00bb, une vue peut \u00eatre prise. Elle confirme l&rsquo;endroit auquel on avait pens\u00e9 en lisant \u00ab\u00a0Raymond Queneau en balade dans le 12e arrondissement, 1951 \u00bb. Le portrait fut pris par Robert Doisneau. Probablement au Rolleiflex tenu \u00e0 l&rsquo;envers au-dessus de sa t\u00eate. La rue qui descend ne suffit pas \u00e0 expliquer un point de vue tr\u00e8s haut. Trouv\u00e9e sur Pinterest, une planche de contacts de Doisneau montre douze vues prises dans le m\u00eame quartier, le m\u00eame jour. Il est inscrit sous l&rsquo;une d&rsquo;elles&nbsp;: \u00ab\u00a0RAYM. QUENEAU 42800 31 5 56 \u00bb. Le site Artnet a vendu un tirage intitul\u00e9 \u00ab\u00a0Raymond Queneau, rue de Reuilly, Paris, 1956\u00a0\u00bb. Une erreur au moins, l&rsquo;adresse. Sur une autre photo, un match de catch au gymnase Japy est annonc\u00e9 pour le samedi 2 juin. Ce peut \u00eatre vrai en 1951, mais aussi en 1956. Pourtant, sur une autre affiche, une course de stock-cars est annonc\u00e9e le dimanche 3 juin aux Buttes de Montreuil. La premi\u00e8re \u00e9preuve du genre en ce lieu date de 1956. On peut dire que l&rsquo;<em>Album Raymond Queneau<\/em> de La Pl\u00e9iade se trompe en datant les portraits de rue de Queneau par Doisneau de 1951.<br \/>\n*\u00a0Suppl\u00e9ment&nbsp;: le livre <em>Robert Doisneau. La vie d&rsquo;un photographe<\/em> de Peter Hamilton, Ho\u00ebbeke, 1996, publie la planche contact, indique que l&rsquo;appareil est un Rolleiflex et date les photos du 31 mai 1956.<\/p>\n","protected":false},"excerpt":{"rendered":"<p>Vendredi 5 ao\u00fbt 2016, 17h30, rue Taine, Paris, 12e. Au num\u00e9ro 16, \u00e0 la hauteur de la boucherie qui fut \u00ab chevaline \u00bb, une vue peut \u00eatre prise. Elle confirme l&rsquo;endroit auquel on avait pens\u00e9 en lisant \u00ab\u00a0Raymond Queneau en balade dans le 12e arrondissement, 1951 \u00bb. Le portrait fut pris par Robert Doisneau. Probablement &hellip; <a href=\"http:\/\/jlggb.net\/blog5\/2016\/08\/05\/enquete-raymond\/\" class=\"more-link\">Continuer la lecture de <span class=\"screen-reader-text\">Enqu\u00eate Raymond (Arch\u00e9ographie. Ch. 1)<\/span><\/a><\/p>\n","protected":false},"author":1,"featured_media":0,"comment_status":"closed","ping_status":"closed","sticky":false,"template":"","format":"standard","meta":{"footnotes":""},"categories":[20,19,58],"tags":[268,178,179],"class_list":["post-652","post","type-post","status-publish","format-standard","hentry","category-collection","category-enonciation","category-memoration","tag-archives","tag-raymond-queneau","tag-robert-doisneau"],"_links":{"self":[{"href":"http:\/\/jlggb.net\/blog5\/wp-json\/wp\/v2\/posts\/652","targetHints":{"allow":["GET"]}}],"collection":[{"href":"http:\/\/jlggb.net\/blog5\/wp-json\/wp\/v2\/posts"}],"about":[{"href":"http:\/\/jlggb.net\/blog5\/wp-json\/wp\/v2\/types\/post"}],"author":[{"embeddable":true,"href":"http:\/\/jlggb.net\/blog5\/wp-json\/wp\/v2\/users\/1"}],"replies":[{"embeddable":true,"href":"http:\/\/jlggb.net\/blog5\/wp-json\/wp\/v2\/comments?post=652"}],"version-history":[{"count":0,"href":"http:\/\/jlggb.net\/blog5\/wp-json\/wp\/v2\/posts\/652\/revisions"}],"wp:attachment":[{"href":"http:\/\/jlggb.net\/blog5\/wp-json\/wp\/v2\/media?parent=652"}],"wp:term":[{"taxonomy":"category","embeddable":true,"href":"http:\/\/jlggb.net\/blog5\/wp-json\/wp\/v2\/categories?post=652"},{"taxonomy":"post_tag","embeddable":true,"href":"http:\/\/jlggb.net\/blog5\/wp-json\/wp\/v2\/tags?post=652"}],"curies":[{"name":"wp","href":"https:\/\/api.w.org\/{rel}","templated":true}]}}