{"id":560,"date":"2016-07-05T16:30:21","date_gmt":"2016-07-05T14:30:21","guid":{"rendered":"http:\/\/jlggb.net\/blog5\/?p=560"},"modified":"2020-09-20T21:35:03","modified_gmt":"2020-09-20T20:35:03","slug":"konstruktiv","status":"publish","type":"post","link":"http:\/\/jlggb.net\/blog5\/2016\/07\/05\/konstruktiv\/","title":{"rendered":"Konstruktiv"},"content":{"rendered":"<p><a href=\"http:\/\/jlggb.net\/blog5\/wp-content\/uploads\/2016\/07\/konstruktiv-mosset-2016.jpg\" data-rel=\"lightbox-image-0\" data-imagelightbox=\"0\" data-rl_title=\"\" data-rl_caption=\"\" title=\"\"><img loading=\"lazy\" decoding=\"async\" class=\"alignnone size-full wp-image-562\" src=\"http:\/\/jlggb.net\/blog5\/wp-content\/uploads\/2016\/07\/konstruktiv-mosset-2016.jpg\" alt=\"konstrktiv\" width=\"640\" height=\"480\" \/><\/a><br \/>\nMardi 5 juillet 2016, 16h30, Z\u00fcrich. Notre point de rep\u00e8re d&rsquo;Olivier Mosset n&rsquo;est pas exactement chez lui dans le mus\u00e9e d&rsquo;Art Concret, Haus Konstructiv. Mais il figure dans <em>Um die Ecke denken. Die Sammlung Museum Haus Konstruktiv (1986\u20132016)<\/em> en regard de l&rsquo;assemblage ordonn\u00e9 de chaises Eames qui vont recevoir le public d&rsquo;un expos\u00e9 sur l&rsquo;exposition.<\/p>\n","protected":false},"excerpt":{"rendered":"<p>Mardi 5 juillet 2016, 16h30, Z\u00fcrich. Notre point de rep\u00e8re d&rsquo;Olivier Mosset n&rsquo;est pas exactement chez lui dans le mus\u00e9e d&rsquo;Art Concret, Haus Konstructiv. Mais il figure dans Um die Ecke denken. Die Sammlung Museum Haus Konstruktiv (1986\u20132016) en regard de l&rsquo;assemblage ordonn\u00e9 de chaises Eames qui vont recevoir le public d&rsquo;un expos\u00e9 sur l&rsquo;exposition.<\/p>\n","protected":false},"author":1,"featured_media":0,"comment_status":"closed","ping_status":"closed","sticky":false,"template":"","format":"standard","meta":{"footnotes":""},"categories":[14,42],"tags":[141],"class_list":["post-560","post","type-post","status-publish","format-standard","hentry","category-disposition","category-structuration","tag-olivier-mosset"],"_links":{"self":[{"href":"http:\/\/jlggb.net\/blog5\/wp-json\/wp\/v2\/posts\/560","targetHints":{"allow":["GET"]}}],"collection":[{"href":"http:\/\/jlggb.net\/blog5\/wp-json\/wp\/v2\/posts"}],"about":[{"href":"http:\/\/jlggb.net\/blog5\/wp-json\/wp\/v2\/types\/post"}],"author":[{"embeddable":true,"href":"http:\/\/jlggb.net\/blog5\/wp-json\/wp\/v2\/users\/1"}],"replies":[{"embeddable":true,"href":"http:\/\/jlggb.net\/blog5\/wp-json\/wp\/v2\/comments?post=560"}],"version-history":[{"count":0,"href":"http:\/\/jlggb.net\/blog5\/wp-json\/wp\/v2\/posts\/560\/revisions"}],"wp:attachment":[{"href":"http:\/\/jlggb.net\/blog5\/wp-json\/wp\/v2\/media?parent=560"}],"wp:term":[{"taxonomy":"category","embeddable":true,"href":"http:\/\/jlggb.net\/blog5\/wp-json\/wp\/v2\/categories?post=560"},{"taxonomy":"post_tag","embeddable":true,"href":"http:\/\/jlggb.net\/blog5\/wp-json\/wp\/v2\/tags?post=560"}],"curies":[{"name":"wp","href":"https:\/\/api.w.org\/{rel}","templated":true}]}}