{"id":3444,"date":"2016-09-06T15:30:31","date_gmt":"2016-09-06T14:30:31","guid":{"rendered":"https:\/\/jlggb.net\/blog5\/?p=3444"},"modified":"2025-12-05T00:26:11","modified_gmt":"2025-12-04T23:26:11","slug":"exposer-une-affiche-historique","status":"publish","type":"post","link":"http:\/\/jlggb.net\/blog5\/2016\/09\/06\/exposer-une-affiche-historique\/","title":{"rendered":"Exposer une affiche historique"},"content":{"rendered":"<p><a href=\"http:\/\/jlggb.net\/blog5\/wp-content\/uploads\/2025\/12\/ddd_affiche_immat_201609-scaled.jpg\" data-rel=\"lightbox-image-0\" data-imagelightbox=\"0\" data-rl_title=\"\" data-rl_caption=\"\" title=\"\"><img loading=\"lazy\" decoding=\"async\" src=\"http:\/\/jlggb.net\/blog5\/wp-content\/uploads\/2025\/12\/ddd_affiche_immat_201609-scaled.jpg\" alt=\"\" width=\"2560\" height=\"1920\" class=\"alignnone size-full wp-image-3445\" srcset=\"http:\/\/jlggb.net\/blog5\/wp-content\/uploads\/2025\/12\/ddd_affiche_immat_201609-scaled.jpg 2560w, http:\/\/jlggb.net\/blog5\/wp-content\/uploads\/2025\/12\/ddd_affiche_immat_201609-400x300.jpg 400w, http:\/\/jlggb.net\/blog5\/wp-content\/uploads\/2025\/12\/ddd_affiche_immat_201609-2000x1500.jpg 2000w, http:\/\/jlggb.net\/blog5\/wp-content\/uploads\/2025\/12\/ddd_affiche_immat_201609-768x576.jpg 768w, http:\/\/jlggb.net\/blog5\/wp-content\/uploads\/2025\/12\/ddd_affiche_immat_201609-1536x1152.jpg 1536w, http:\/\/jlggb.net\/blog5\/wp-content\/uploads\/2025\/12\/ddd_affiche_immat_201609-2048x1536.jpg 2048w\" sizes=\"auto, (max-width: 2560px) 100vw, 2560px\" \/><\/a><br \/>\nMardi 6 septembre 2016, 15h30, Kyoto. Pour l&rsquo;exposition qui va ouvrir \u00e0 la galerie ddd, \u00ab Materiality-Immateriality \u00bb (\u00e0 qui je  dois le s\u00e9jour), l&rsquo;affiche des Immat\u00e9riaux, du Centre Pompidou en 1985, dessin\u00e9e par l&rsquo;ami Luc Maillet, a \u00e9t\u00e9 pr\u00e9cieusement transport\u00e9e. Elle est encadr\u00e9e pour pr\u00e9sider un espace o\u00f9 l&rsquo;on \u00e9voque l&rsquo;exposition parisienne historique. \u00c0 son retour \u00e0 Paris, quelques mois plus tard, il faudra payer quelque chose comme 150 euros pour la \u00ab d\u00e9douaner \u00bb. Mais l&rsquo;\u00e9v\u00e9nement a contribu\u00e9 \u00e0 la renaissance de cette affaire qui va nous occuper au moins jusqu&rsquo;en 2025. (Date \u00e0 laquelle ce billet est ajout\u00e9&nbsp;: 5 d\u00e9cembre 2025).<\/p>\n","protected":false},"excerpt":{"rendered":"<p>Mardi 6 septembre 2016, 15h30, Kyoto. Pour l&rsquo;exposition qui va ouvrir \u00e0 la galerie ddd, \u00ab Materiality-Immateriality \u00bb (\u00e0 qui je dois le s\u00e9jour), l&rsquo;affiche des Immat\u00e9riaux, du Centre Pompidou en 1985, dessin\u00e9e par l&rsquo;ami Luc Maillet, a \u00e9t\u00e9 pr\u00e9cieusement transport\u00e9e. Elle est encadr\u00e9e pour pr\u00e9sider un espace o\u00f9 l&rsquo;on \u00e9voque l&rsquo;exposition parisienne historique. \u00c0 &hellip; <a href=\"http:\/\/jlggb.net\/blog5\/2016\/09\/06\/exposer-une-affiche-historique\/\" class=\"more-link\">Continuer la lecture de <span class=\"screen-reader-text\">Exposer une affiche historique<\/span><\/a><\/p>\n","protected":false},"author":1,"featured_media":0,"comment_status":"closed","ping_status":"closed","sticky":false,"template":"","format":"standard","meta":{"footnotes":""},"categories":[20,14,58,15],"tags":[460,571],"class_list":["post-3444","post","type-post","status-publish","format-standard","hentry","category-collection","category-disposition","category-memoration","category-transportation","tag-affiche","tag-manifestation"],"_links":{"self":[{"href":"http:\/\/jlggb.net\/blog5\/wp-json\/wp\/v2\/posts\/3444","targetHints":{"allow":["GET"]}}],"collection":[{"href":"http:\/\/jlggb.net\/blog5\/wp-json\/wp\/v2\/posts"}],"about":[{"href":"http:\/\/jlggb.net\/blog5\/wp-json\/wp\/v2\/types\/post"}],"author":[{"embeddable":true,"href":"http:\/\/jlggb.net\/blog5\/wp-json\/wp\/v2\/users\/1"}],"replies":[{"embeddable":true,"href":"http:\/\/jlggb.net\/blog5\/wp-json\/wp\/v2\/comments?post=3444"}],"version-history":[{"count":7,"href":"http:\/\/jlggb.net\/blog5\/wp-json\/wp\/v2\/posts\/3444\/revisions"}],"predecessor-version":[{"id":3453,"href":"http:\/\/jlggb.net\/blog5\/wp-json\/wp\/v2\/posts\/3444\/revisions\/3453"}],"wp:attachment":[{"href":"http:\/\/jlggb.net\/blog5\/wp-json\/wp\/v2\/media?parent=3444"}],"wp:term":[{"taxonomy":"category","embeddable":true,"href":"http:\/\/jlggb.net\/blog5\/wp-json\/wp\/v2\/categories?post=3444"},{"taxonomy":"post_tag","embeddable":true,"href":"http:\/\/jlggb.net\/blog5\/wp-json\/wp\/v2\/tags?post=3444"}],"curies":[{"name":"wp","href":"https:\/\/api.w.org\/{rel}","templated":true}]}}