{"id":3285,"date":"2017-11-27T14:00:07","date_gmt":"2017-11-27T13:00:07","guid":{"rendered":"http:\/\/jlggb.net\/blog5\/?p=3285"},"modified":"2017-12-02T01:27:45","modified_gmt":"2017-12-02T00:27:45","slug":"radicalement","status":"publish","type":"post","link":"http:\/\/jlggb.net\/blog5\/2017\/11\/27\/radicalement\/","title":{"rendered":"Radicalit\u00e9"},"content":{"rendered":"<p><a href=\"http:\/\/jlggb.net\/blog5\/wp-content\/uploads\/2017\/11\/radis-vert-fond-20171127.jpg\" data-rel=\"lightbox-image-0\" data-imagelightbox=\"0\" data-rl_title=\"\" data-rl_caption=\"\" title=\"\"><img loading=\"lazy\" decoding=\"async\" src=\"http:\/\/jlggb.net\/blog5\/wp-content\/uploads\/2017\/11\/radis-vert-fond-20171127.jpg\" alt=\"\" width=\"640\" height=\"480\" class=\"alignnone size-full wp-image-3307\" srcset=\"http:\/\/jlggb.net\/blog5\/wp-content\/uploads\/2017\/11\/radis-vert-fond-20171127.jpg 2000w, http:\/\/jlggb.net\/blog5\/wp-content\/uploads\/2017\/11\/radis-vert-fond-20171127-400x300.jpg 400w, http:\/\/jlggb.net\/blog5\/wp-content\/uploads\/2017\/11\/radis-vert-fond-20171127-768x576.jpg 768w, http:\/\/jlggb.net\/blog5\/wp-content\/uploads\/2017\/11\/radis-vert-fond-20171127-150x113.jpg 150w\" sizes=\"auto, (max-width: 640px) 100vw, 640px\" \/><\/a><br \/>\n<a href=\"http:\/\/jlggb.net\/blog5\/wp-content\/uploads\/2017\/11\/radis-rouge-fond-20171127.jpg\" data-rel=\"lightbox-image-1\" data-imagelightbox=\"1\" data-rl_title=\"\" data-rl_caption=\"\" title=\"\"><img loading=\"lazy\" decoding=\"async\" src=\"http:\/\/jlggb.net\/blog5\/wp-content\/uploads\/2017\/11\/radis-rouge-fond-20171127.jpg\" alt=\"\" width=\"640\" height=\"480\" class=\"alignnone size-full wp-image-3306\" srcset=\"http:\/\/jlggb.net\/blog5\/wp-content\/uploads\/2017\/11\/radis-rouge-fond-20171127.jpg 2000w, http:\/\/jlggb.net\/blog5\/wp-content\/uploads\/2017\/11\/radis-rouge-fond-20171127-400x300.jpg 400w, http:\/\/jlggb.net\/blog5\/wp-content\/uploads\/2017\/11\/radis-rouge-fond-20171127-768x576.jpg 768w, http:\/\/jlggb.net\/blog5\/wp-content\/uploads\/2017\/11\/radis-rouge-fond-20171127-150x113.jpg 150w\" sizes=\"auto, (max-width: 640px) 100vw, 640px\" \/><\/a><br \/>\nLundi 27 novembre 2017, 14h, Aix-les-Bains. D\u00e9sign\u00e9 souvent comment \u00ab radis asiatique \u00bb ou \u00ab de Chine \u00bb, un gros (8 cm de diam\u00e8tre) radis plut\u00f4t vert s&rsquo;ouvre sur un carmin. Radicalit\u00e9&nbsp;: vert p\u00e2le \u00e0 l&rsquo;ext\u00e9rieur, rouge vif \u00e0 l&rsquo;int\u00e9rieur.<\/p>\n","protected":false},"excerpt":{"rendered":"<p>Lundi 27 novembre 2017, 14h, Aix-les-Bains. D\u00e9sign\u00e9 souvent comment \u00ab radis asiatique \u00bb ou \u00ab de Chine \u00bb, un gros (8 cm de diam\u00e8tre) radis plut\u00f4t vert s&rsquo;ouvre sur un carmin. Radicalit\u00e9&nbsp;: vert p\u00e2le \u00e0 l&rsquo;ext\u00e9rieur, rouge vif \u00e0 l&rsquo;int\u00e9rieur.<\/p>\n","protected":false},"author":1,"featured_media":0,"comment_status":"closed","ping_status":"closed","sticky":false,"template":"","format":"standard","meta":{"footnotes":""},"categories":[19,18],"tags":[522,567,566],"class_list":["post-3285","post","type-post","status-publish","format-standard","hentry","category-enonciation","category-observation","tag-legume","tag-racine","tag-radis"],"_links":{"self":[{"href":"http:\/\/jlggb.net\/blog5\/wp-json\/wp\/v2\/posts\/3285","targetHints":{"allow":["GET"]}}],"collection":[{"href":"http:\/\/jlggb.net\/blog5\/wp-json\/wp\/v2\/posts"}],"about":[{"href":"http:\/\/jlggb.net\/blog5\/wp-json\/wp\/v2\/types\/post"}],"author":[{"embeddable":true,"href":"http:\/\/jlggb.net\/blog5\/wp-json\/wp\/v2\/users\/1"}],"replies":[{"embeddable":true,"href":"http:\/\/jlggb.net\/blog5\/wp-json\/wp\/v2\/comments?post=3285"}],"version-history":[{"count":0,"href":"http:\/\/jlggb.net\/blog5\/wp-json\/wp\/v2\/posts\/3285\/revisions"}],"wp:attachment":[{"href":"http:\/\/jlggb.net\/blog5\/wp-json\/wp\/v2\/media?parent=3285"}],"wp:term":[{"taxonomy":"category","embeddable":true,"href":"http:\/\/jlggb.net\/blog5\/wp-json\/wp\/v2\/categories?post=3285"},{"taxonomy":"post_tag","embeddable":true,"href":"http:\/\/jlggb.net\/blog5\/wp-json\/wp\/v2\/tags?post=3285"}],"curies":[{"name":"wp","href":"https:\/\/api.w.org\/{rel}","templated":true}]}}