{"id":3253,"date":"2017-11-17T13:00:18","date_gmt":"2017-11-17T11:00:18","guid":{"rendered":"http:\/\/jlggb.net\/blog5\/?p=3253"},"modified":"2017-11-18T19:41:46","modified_gmt":"2017-11-18T17:41:46","slug":"morceau-de-vert","status":"publish","type":"post","link":"http:\/\/jlggb.net\/blog5\/2017\/11\/17\/morceau-de-vert\/","title":{"rendered":"Pris par du vert"},"content":{"rendered":"<p><a href=\"http:\/\/jlggb.net\/blog5\/wp-content\/uploads\/2017\/11\/verdure-taillebourg-20171117.jpg\" data-rel=\"lightbox-image-0\" data-imagelightbox=\"0\" data-rl_title=\"\" data-rl_caption=\"\" title=\"\"><img loading=\"lazy\" decoding=\"async\" src=\"http:\/\/jlggb.net\/blog5\/wp-content\/uploads\/2017\/11\/verdure-taillebourg-20171117.jpg\" alt=\"\" width=\"640\" height=\"480\" class=\"alignnone size-full wp-image-3255\" srcset=\"http:\/\/jlggb.net\/blog5\/wp-content\/uploads\/2017\/11\/verdure-taillebourg-20171117.jpg 2000w, http:\/\/jlggb.net\/blog5\/wp-content\/uploads\/2017\/11\/verdure-taillebourg-20171117-400x300.jpg 400w, http:\/\/jlggb.net\/blog5\/wp-content\/uploads\/2017\/11\/verdure-taillebourg-20171117-768x576.jpg 768w, http:\/\/jlggb.net\/blog5\/wp-content\/uploads\/2017\/11\/verdure-taillebourg-20171117-150x113.jpg 150w\" sizes=\"auto, (max-width: 640px) 100vw, 640px\" \/><\/a><br \/>\nVendredi 17 novembre 2017, 13h, Avenue de Taillebourg, Paris 11e. En passant, un parterre plant\u00e9, encadr\u00e9 du b\u00e9ton des ann\u00e9es 70, d&rsquo;un vert prenant.<\/p>\n","protected":false},"excerpt":{"rendered":"<p>Vendredi 17 novembre 2017, 13h, Avenue de Taillebourg, Paris 11e. En passant, un parterre plant\u00e9, encadr\u00e9 du b\u00e9ton des ann\u00e9es 70, d&rsquo;un vert prenant.<\/p>\n","protected":false},"author":1,"featured_media":0,"comment_status":"closed","ping_status":"closed","sticky":false,"template":"","format":"standard","meta":{"footnotes":""},"categories":[10,18],"tags":[562,63,136],"class_list":["post-3253","post","type-post","status-publish","format-standard","hentry","category-notation","category-observation","tag-couleur","tag-plante","tag-vert"],"_links":{"self":[{"href":"http:\/\/jlggb.net\/blog5\/wp-json\/wp\/v2\/posts\/3253","targetHints":{"allow":["GET"]}}],"collection":[{"href":"http:\/\/jlggb.net\/blog5\/wp-json\/wp\/v2\/posts"}],"about":[{"href":"http:\/\/jlggb.net\/blog5\/wp-json\/wp\/v2\/types\/post"}],"author":[{"embeddable":true,"href":"http:\/\/jlggb.net\/blog5\/wp-json\/wp\/v2\/users\/1"}],"replies":[{"embeddable":true,"href":"http:\/\/jlggb.net\/blog5\/wp-json\/wp\/v2\/comments?post=3253"}],"version-history":[{"count":0,"href":"http:\/\/jlggb.net\/blog5\/wp-json\/wp\/v2\/posts\/3253\/revisions"}],"wp:attachment":[{"href":"http:\/\/jlggb.net\/blog5\/wp-json\/wp\/v2\/media?parent=3253"}],"wp:term":[{"taxonomy":"category","embeddable":true,"href":"http:\/\/jlggb.net\/blog5\/wp-json\/wp\/v2\/categories?post=3253"},{"taxonomy":"post_tag","embeddable":true,"href":"http:\/\/jlggb.net\/blog5\/wp-json\/wp\/v2\/tags?post=3253"}],"curies":[{"name":"wp","href":"https:\/\/api.w.org\/{rel}","templated":true}]}}