{"id":3193,"date":"2017-11-09T22:00:04","date_gmt":"2017-11-09T20:00:04","guid":{"rendered":"http:\/\/jlggb.net\/blog5\/?p=3193"},"modified":"2017-11-20T00:08:32","modified_gmt":"2017-11-19T23:08:32","slug":"rue-des-voisins-le-soir","status":"publish","type":"post","link":"http:\/\/jlggb.net\/blog5\/2017\/11\/09\/rue-des-voisins-le-soir\/","title":{"rendered":"Rue des Voisins, le soir"},"content":{"rendered":"<p><a href=\"http:\/\/jlggb.net\/blog5\/wp-content\/uploads\/2017\/11\/portes-soir-genf-20171109.jpg\" data-rel=\"lightbox-image-0\" data-imagelightbox=\"0\" data-rl_title=\"\" data-rl_caption=\"\" title=\"\"><img loading=\"lazy\" decoding=\"async\" src=\"http:\/\/jlggb.net\/blog5\/wp-content\/uploads\/2017\/11\/portes-soir-genf-20171109.jpg\" alt=\"\" width=\"640\" height=\"480\" class=\"alignnone size-full wp-image-3194\" srcset=\"http:\/\/jlggb.net\/blog5\/wp-content\/uploads\/2017\/11\/portes-soir-genf-20171109.jpg 2000w, http:\/\/jlggb.net\/blog5\/wp-content\/uploads\/2017\/11\/portes-soir-genf-20171109-400x300.jpg 400w, http:\/\/jlggb.net\/blog5\/wp-content\/uploads\/2017\/11\/portes-soir-genf-20171109-768x576.jpg 768w, http:\/\/jlggb.net\/blog5\/wp-content\/uploads\/2017\/11\/portes-soir-genf-20171109-150x113.jpg 150w\" sizes=\"auto, (max-width: 640px) 100vw, 640px\" \/><\/a><br \/>\nJeudi 9 novembre 2017, 22h, rue des Voisins, Gen\u00e8ve. Un moment \u00e0 perdre, en tournant dans le quartier plut\u00f4t d\u00e9sert&nbsp;: \u00ab\u00a0Pourquoi vous prenez la photo de l\u2019entr\u00e9e\u00a0?\u00a0\u00bb disent deux habitants qui rentrent ici chez eux, juste apr\u00e8s ce clich\u00e9 \u00ab\u00a0\u2014 Je prends la sortie. \u00bb<\/p>\n","protected":false},"excerpt":{"rendered":"<p>Jeudi 9 novembre 2017, 22h, rue des Voisins, Gen\u00e8ve. Un moment \u00e0 perdre, en tournant dans le quartier plut\u00f4t d\u00e9sert&nbsp;: \u00ab\u00a0Pourquoi vous prenez la photo de l\u2019entr\u00e9e\u00a0?\u00a0\u00bb disent deux habitants qui rentrent ici chez eux, juste apr\u00e8s ce clich\u00e9 \u00ab\u00a0\u2014 Je prends la sortie. \u00bb<\/p>\n","protected":false},"author":1,"featured_media":0,"comment_status":"closed","ping_status":"closed","sticky":false,"template":"","format":"standard","meta":{"footnotes":""},"categories":[317,19,12],"tags":[29,508,564],"class_list":["post-3193","post","type-post","status-publish","format-standard","hentry","category-citation","category-enonciation","category-occupation","tag-geneve","tag-immeuble","tag-paroles"],"_links":{"self":[{"href":"http:\/\/jlggb.net\/blog5\/wp-json\/wp\/v2\/posts\/3193","targetHints":{"allow":["GET"]}}],"collection":[{"href":"http:\/\/jlggb.net\/blog5\/wp-json\/wp\/v2\/posts"}],"about":[{"href":"http:\/\/jlggb.net\/blog5\/wp-json\/wp\/v2\/types\/post"}],"author":[{"embeddable":true,"href":"http:\/\/jlggb.net\/blog5\/wp-json\/wp\/v2\/users\/1"}],"replies":[{"embeddable":true,"href":"http:\/\/jlggb.net\/blog5\/wp-json\/wp\/v2\/comments?post=3193"}],"version-history":[{"count":0,"href":"http:\/\/jlggb.net\/blog5\/wp-json\/wp\/v2\/posts\/3193\/revisions"}],"wp:attachment":[{"href":"http:\/\/jlggb.net\/blog5\/wp-json\/wp\/v2\/media?parent=3193"}],"wp:term":[{"taxonomy":"category","embeddable":true,"href":"http:\/\/jlggb.net\/blog5\/wp-json\/wp\/v2\/categories?post=3193"},{"taxonomy":"post_tag","embeddable":true,"href":"http:\/\/jlggb.net\/blog5\/wp-json\/wp\/v2\/tags?post=3193"}],"curies":[{"name":"wp","href":"https:\/\/api.w.org\/{rel}","templated":true}]}}