{"id":3176,"date":"2017-11-06T23:00:05","date_gmt":"2017-11-06T21:00:05","guid":{"rendered":"http:\/\/jlggb.net\/blog5\/?p=3176"},"modified":"2017-12-03T10:00:42","modified_gmt":"2017-12-03T09:00:42","slug":"se-former-vie-des-objets-ch-62","status":"publish","type":"post","link":"http:\/\/jlggb.net\/blog5\/2017\/11\/06\/se-former-vie-des-objets-ch-62\/","title":{"rendered":"Se former (Vie des objets. Ch. 62)"},"content":{"rendered":"<p><a href=\"http:\/\/jlggb.net\/blog5\/wp-content\/uploads\/2017\/11\/royans-bois-tourner-20171105.jpg\" data-rel=\"lightbox-image-0\" data-imagelightbox=\"0\" data-rl_title=\"\" data-rl_caption=\"\" title=\"\"><img loading=\"lazy\" decoding=\"async\" src=\"http:\/\/jlggb.net\/blog5\/wp-content\/uploads\/2017\/11\/royans-bois-tourner-20171105.jpg\" alt=\"\" width=\"640\" height=\"480\" class=\"alignnone size-full wp-image-3179\" \/><\/a><br \/>\nLundi 6 novembre 2017, 23h. La petite r\u00e9gion du Royans est, dit-on, au pied du Vercors, massif qui la nourrit de l&rsquo;\u00e9nergie de l&rsquo;eau et de la substance du bois. Le coquetier en buis arrive en nos mains peu avant 1950 \u00e0 Saint-Laurent en Royans. Il a \u00e9t\u00e9 fabriqu\u00e9 dans une manufacture de tournerie d&rsquo;ustensiles et outils en bois de Sainte-Eulalie en Royans. Il montre comment un objet peut tenir l&rsquo;enti\u00e8ret\u00e9 de sa forme d&rsquo;une <em>r\u00e9volution<\/em> \u2014 mouvement autour d&rsquo;un axe dont le point de retour co\u00efncide avec le point de d\u00e9part (dictionnaire CNRTL) \u2014 et donner acc\u00e8s \u00e0 l&rsquo;image simple d&rsquo;un mod\u00e8le math\u00e9matique constructif.<\/p>\n","protected":false},"excerpt":{"rendered":"<p>Lundi 6 novembre 2017, 23h. La petite r\u00e9gion du Royans est, dit-on, au pied du Vercors, massif qui la nourrit de l&rsquo;\u00e9nergie de l&rsquo;eau et de la substance du bois. Le coquetier en buis arrive en nos mains peu avant 1950 \u00e0 Saint-Laurent en Royans. Il a \u00e9t\u00e9 fabriqu\u00e9 dans une manufacture de tournerie d&rsquo;ustensiles &hellip; <a href=\"http:\/\/jlggb.net\/blog5\/2017\/11\/06\/se-former-vie-des-objets-ch-62\/\" class=\"more-link\">Continuer la lecture de <span class=\"screen-reader-text\">Se former (Vie des objets. Ch. 62)<\/span><\/a><\/p>\n","protected":false},"author":1,"featured_media":0,"comment_status":"closed","ping_status":"closed","sticky":false,"template":"","format":"standard","meta":{"footnotes":""},"categories":[20,16,42],"tags":[168,511,551,550],"class_list":["post-3176","post","type-post","status-publish","format-standard","hentry","category-collection","category-objectivation","category-structuration","tag-bois","tag-objet","tag-royans","tag-tournage"],"_links":{"self":[{"href":"http:\/\/jlggb.net\/blog5\/wp-json\/wp\/v2\/posts\/3176","targetHints":{"allow":["GET"]}}],"collection":[{"href":"http:\/\/jlggb.net\/blog5\/wp-json\/wp\/v2\/posts"}],"about":[{"href":"http:\/\/jlggb.net\/blog5\/wp-json\/wp\/v2\/types\/post"}],"author":[{"embeddable":true,"href":"http:\/\/jlggb.net\/blog5\/wp-json\/wp\/v2\/users\/1"}],"replies":[{"embeddable":true,"href":"http:\/\/jlggb.net\/blog5\/wp-json\/wp\/v2\/comments?post=3176"}],"version-history":[{"count":0,"href":"http:\/\/jlggb.net\/blog5\/wp-json\/wp\/v2\/posts\/3176\/revisions"}],"wp:attachment":[{"href":"http:\/\/jlggb.net\/blog5\/wp-json\/wp\/v2\/media?parent=3176"}],"wp:term":[{"taxonomy":"category","embeddable":true,"href":"http:\/\/jlggb.net\/blog5\/wp-json\/wp\/v2\/categories?post=3176"},{"taxonomy":"post_tag","embeddable":true,"href":"http:\/\/jlggb.net\/blog5\/wp-json\/wp\/v2\/tags?post=3176"}],"curies":[{"name":"wp","href":"https:\/\/api.w.org\/{rel}","templated":true}]}}