{"id":3014,"date":"2017-09-28T15:30:17","date_gmt":"2017-09-28T13:30:17","guid":{"rendered":"http:\/\/jlggb.net\/blog5\/?p=3014"},"modified":"2017-10-08T11:35:05","modified_gmt":"2017-10-08T09:35:05","slug":"lune-plutot-que-lautre","status":"publish","type":"post","link":"http:\/\/jlggb.net\/blog5\/2017\/09\/28\/lune-plutot-que-lautre\/","title":{"rendered":"L&rsquo;une plut\u00f4t que l&rsquo;autre"},"content":{"rendered":"<p><a href=\"http:\/\/jlggb.net\/blog5\/wp-content\/uploads\/2017\/10\/plaine-aix-pyracentha-20170928.jpg\" data-rel=\"lightbox-image-0\" data-imagelightbox=\"0\" data-rl_title=\"\" data-rl_caption=\"\" title=\"\"><img loading=\"lazy\" decoding=\"async\" src=\"http:\/\/jlggb.net\/blog5\/wp-content\/uploads\/2017\/10\/plaine-aix-pyracentha-20170928.jpg\" alt=\"\" width=\"640\" height=\"480\" class=\"alignnone size-full wp-image-3016\" srcset=\"http:\/\/jlggb.net\/blog5\/wp-content\/uploads\/2017\/10\/plaine-aix-pyracentha-20170928.jpg 2000w, http:\/\/jlggb.net\/blog5\/wp-content\/uploads\/2017\/10\/plaine-aix-pyracentha-20170928-400x300.jpg 400w, http:\/\/jlggb.net\/blog5\/wp-content\/uploads\/2017\/10\/plaine-aix-pyracentha-20170928-768x576.jpg 768w, http:\/\/jlggb.net\/blog5\/wp-content\/uploads\/2017\/10\/plaine-aix-pyracentha-20170928-150x113.jpg 150w\" sizes=\"auto, (max-width: 640px) 100vw, 640px\" \/><\/a><br \/>\n<a href=\"http:\/\/jlggb.net\/blog5\/wp-content\/uploads\/2017\/10\/plaine-aix-aster-20170928.jpg\" data-rel=\"lightbox-image-1\" data-imagelightbox=\"1\" data-rl_title=\"\" data-rl_caption=\"\" title=\"\"><img loading=\"lazy\" decoding=\"async\" src=\"http:\/\/jlggb.net\/blog5\/wp-content\/uploads\/2017\/10\/plaine-aix-aster-20170928.jpg\" alt=\"\" width=\"640\" height=\"480\" class=\"alignnone size-full wp-image-3015\" srcset=\"http:\/\/jlggb.net\/blog5\/wp-content\/uploads\/2017\/10\/plaine-aix-aster-20170928.jpg 2000w, http:\/\/jlggb.net\/blog5\/wp-content\/uploads\/2017\/10\/plaine-aix-aster-20170928-400x300.jpg 400w, http:\/\/jlggb.net\/blog5\/wp-content\/uploads\/2017\/10\/plaine-aix-aster-20170928-768x576.jpg 768w, http:\/\/jlggb.net\/blog5\/wp-content\/uploads\/2017\/10\/plaine-aix-aster-20170928-150x113.jpg 150w\" sizes=\"auto, (max-width: 640px) 100vw, 640px\" \/><\/a><br \/>\nJeudi 28 septembre, 15h, chemin des Biatres, Aix-les-Bains. Couleurs de l&rsquo;automne&nbsp;: d&rsquo;un c\u00f4t\u00e9 de la rue, une propri\u00e9t\u00e9 cl\u00f4tur\u00e9e de haies de pyracanthas&nbsp;; de l&rsquo;autre un terrain plut\u00f4t vague dont la profondeur du sous-bois est ponctu\u00e9e de petites asters.<\/p>\n","protected":false},"excerpt":{"rendered":"<p>Jeudi 28 septembre, 15h, chemin des Biatres, Aix-les-Bains. Couleurs de l&rsquo;automne&nbsp;: d&rsquo;un c\u00f4t\u00e9 de la rue, une propri\u00e9t\u00e9 cl\u00f4tur\u00e9e de haies de pyracanthas&nbsp;; de l&rsquo;autre un terrain plut\u00f4t vague dont la profondeur du sous-bois est ponctu\u00e9e de petites asters.<\/p>\n","protected":false},"author":1,"featured_media":0,"comment_status":"closed","ping_status":"closed","sticky":false,"template":"","format":"standard","meta":{"footnotes":""},"categories":[14,10],"tags":[114,523,71,136],"class_list":["post-3014","post","type-post","status-publish","format-standard","hentry","category-disposition","category-notation","tag-fleurs","tag-mauve","tag-rouge","tag-vert"],"_links":{"self":[{"href":"http:\/\/jlggb.net\/blog5\/wp-json\/wp\/v2\/posts\/3014","targetHints":{"allow":["GET"]}}],"collection":[{"href":"http:\/\/jlggb.net\/blog5\/wp-json\/wp\/v2\/posts"}],"about":[{"href":"http:\/\/jlggb.net\/blog5\/wp-json\/wp\/v2\/types\/post"}],"author":[{"embeddable":true,"href":"http:\/\/jlggb.net\/blog5\/wp-json\/wp\/v2\/users\/1"}],"replies":[{"embeddable":true,"href":"http:\/\/jlggb.net\/blog5\/wp-json\/wp\/v2\/comments?post=3014"}],"version-history":[{"count":0,"href":"http:\/\/jlggb.net\/blog5\/wp-json\/wp\/v2\/posts\/3014\/revisions"}],"wp:attachment":[{"href":"http:\/\/jlggb.net\/blog5\/wp-json\/wp\/v2\/media?parent=3014"}],"wp:term":[{"taxonomy":"category","embeddable":true,"href":"http:\/\/jlggb.net\/blog5\/wp-json\/wp\/v2\/categories?post=3014"},{"taxonomy":"post_tag","embeddable":true,"href":"http:\/\/jlggb.net\/blog5\/wp-json\/wp\/v2\/tags?post=3014"}],"curies":[{"name":"wp","href":"https:\/\/api.w.org\/{rel}","templated":true}]}}