{"id":281,"date":"2016-04-01T12:00:15","date_gmt":"2016-04-01T10:00:15","guid":{"rendered":"http:\/\/jlggb.net\/blog5\/?p=281"},"modified":"2016-04-05T23:25:24","modified_gmt":"2016-04-05T21:25:24","slug":"sous-bois","status":"publish","type":"post","link":"http:\/\/jlggb.net\/blog5\/2016\/04\/01\/sous-bois\/","title":{"rendered":"Sous-bois"},"content":{"rendered":"<p><a href=\"http:\/\/jlggb.net\/blog5\/wp-content\/uploads\/2016\/04\/Van-Gogh-Sous-bois-2016.jpg\" rel=\"attachment wp-att-283\" data-rel=\"lightbox-image-0\" data-imagelightbox=\"0\" data-rl_title=\"\" data-rl_caption=\"\" title=\"\"><img loading=\"lazy\" decoding=\"async\" src=\"http:\/\/jlggb.net\/blog5\/wp-content\/uploads\/2016\/04\/Van-Gogh-Sous-bois-2016.jpg\" alt=\"Van Gogh Sous bois-2016\" width=\"640\" height=\"480\" class=\"alignnone size-full wp-image-283\" srcset=\"http:\/\/jlggb.net\/blog5\/wp-content\/uploads\/2016\/04\/Van-Gogh-Sous-bois-2016.jpg 2000w, http:\/\/jlggb.net\/blog5\/wp-content\/uploads\/2016\/04\/Van-Gogh-Sous-bois-2016-400x300.jpg 400w, http:\/\/jlggb.net\/blog5\/wp-content\/uploads\/2016\/04\/Van-Gogh-Sous-bois-2016-768x576.jpg 768w, http:\/\/jlggb.net\/blog5\/wp-content\/uploads\/2016\/04\/Van-Gogh-Sous-bois-2016-150x113.jpg 150w\" sizes=\"auto, (max-width: 640px) 100vw, 640px\" \/><\/a><br \/>\nVendredi 1er avril 2016, 12h, Arles. Pr\u00eat\u00e9 \u00e0 la Fondation Van Gogh d\u2019Arles par le Van Gogh Museum d\u2019Amsterdam, le Van Gogh <em>Sous-bois<\/em>, huile sur toile, 49 x 64,3 cm, peint \u00e0 Saint-R\u00e9my-de-Provence en 1889.<br \/>\nVoir&nbsp;: <a href=\"http:\/\/jlggb.net\/blog5\/?p=90\" target=\"_blank\">http:\/\/jlggb.net\/blog5\/?p=90<\/a><\/p>\n","protected":false},"excerpt":{"rendered":"<p>Vendredi 1er avril 2016, 12h, Arles. Pr\u00eat\u00e9 \u00e0 la Fondation Van Gogh d\u2019Arles par le Van Gogh Museum d\u2019Amsterdam, le Van Gogh Sous-bois, huile sur toile, 49 x 64,3 cm, peint \u00e0 Saint-R\u00e9my-de-Provence en 1889. Voir&nbsp;: http:\/\/jlggb.net\/blog5\/?p=90<\/p>\n","protected":false},"author":1,"featured_media":0,"comment_status":"closed","ping_status":"closed","sticky":false,"template":"","format":"standard","meta":{"footnotes":""},"categories":[58,18],"tags":[33,32],"class_list":["post-281","post","type-post","status-publish","format-standard","hentry","category-memoration","category-observation","tag-arles","tag-van-gogh"],"_links":{"self":[{"href":"http:\/\/jlggb.net\/blog5\/wp-json\/wp\/v2\/posts\/281","targetHints":{"allow":["GET"]}}],"collection":[{"href":"http:\/\/jlggb.net\/blog5\/wp-json\/wp\/v2\/posts"}],"about":[{"href":"http:\/\/jlggb.net\/blog5\/wp-json\/wp\/v2\/types\/post"}],"author":[{"embeddable":true,"href":"http:\/\/jlggb.net\/blog5\/wp-json\/wp\/v2\/users\/1"}],"replies":[{"embeddable":true,"href":"http:\/\/jlggb.net\/blog5\/wp-json\/wp\/v2\/comments?post=281"}],"version-history":[{"count":0,"href":"http:\/\/jlggb.net\/blog5\/wp-json\/wp\/v2\/posts\/281\/revisions"}],"wp:attachment":[{"href":"http:\/\/jlggb.net\/blog5\/wp-json\/wp\/v2\/media?parent=281"}],"wp:term":[{"taxonomy":"category","embeddable":true,"href":"http:\/\/jlggb.net\/blog5\/wp-json\/wp\/v2\/categories?post=281"},{"taxonomy":"post_tag","embeddable":true,"href":"http:\/\/jlggb.net\/blog5\/wp-json\/wp\/v2\/tags?post=281"}],"curies":[{"name":"wp","href":"https:\/\/api.w.org\/{rel}","templated":true}]}}