{"id":2561,"date":"2017-08-09T07:30:40","date_gmt":"2017-08-09T05:30:40","guid":{"rendered":"http:\/\/jlggb.net\/blog5\/?p=2561"},"modified":"2017-08-14T12:38:32","modified_gmt":"2017-08-14T10:38:32","slug":"foret-de-lente","status":"publish","type":"post","link":"http:\/\/jlggb.net\/blog5\/2017\/08\/09\/foret-de-lente\/","title":{"rendered":"For\u00eat de Lente"},"content":{"rendered":"<p><a href=\"http:\/\/jlggb.net\/blog5\/wp-content\/uploads\/2017\/08\/foret-de-lente-panneau-20170809.jpg\" data-rel=\"lightbox-image-0\" data-imagelightbox=\"0\" data-rl_title=\"\" data-rl_caption=\"\" title=\"\"><img loading=\"lazy\" decoding=\"async\" class=\"alignnone wp-image-2562\" src=\"http:\/\/jlggb.net\/blog5\/wp-content\/uploads\/2017\/08\/foret-de-lente-panneau-20170809.jpg\" alt=\"\" width=\"640\" height=\"480\" srcset=\"http:\/\/jlggb.net\/blog5\/wp-content\/uploads\/2017\/08\/foret-de-lente-panneau-20170809.jpg 2400w, http:\/\/jlggb.net\/blog5\/wp-content\/uploads\/2017\/08\/foret-de-lente-panneau-20170809-400x300.jpg 400w, http:\/\/jlggb.net\/blog5\/wp-content\/uploads\/2017\/08\/foret-de-lente-panneau-20170809-768x576.jpg 768w, http:\/\/jlggb.net\/blog5\/wp-content\/uploads\/2017\/08\/foret-de-lente-panneau-20170809-2000x1500.jpg 2000w, http:\/\/jlggb.net\/blog5\/wp-content\/uploads\/2017\/08\/foret-de-lente-panneau-20170809-150x113.jpg 150w\" sizes=\"auto, (max-width: 640px) 100vw, 640px\" \/><\/a><br \/>\nMercredi 9 ao\u00fbt 2017, 7h30, entr\u00e9e de la For\u00eat de Lente depuis le col de La Machine, Vercors, Dr\u00f4me. Une photo selon le mod\u00e8le \u00ab Gartempe \u00bb de 1964. Le panneau de localisation porte au verso la date 1960. L&rsquo;\u00e9criture en capitales, propre \u00e0 la signal\u00e9tique fran\u00e7aise, n&rsquo;est plus en cours aujourd&rsquo;hui pour les lieux travers\u00e9s par la route. Confront\u00e9e au vestige affirmatif, l&rsquo;\u00e9tiquette nouvelle est ridicule.<\/p>\n","protected":false},"excerpt":{"rendered":"<p>Mercredi 9 ao\u00fbt 2017, 7h30, entr\u00e9e de la For\u00eat de Lente depuis le col de La Machine, Vercors, Dr\u00f4me. Une photo selon le mod\u00e8le \u00ab Gartempe \u00bb de 1964. Le panneau de localisation porte au verso la date 1960. L&rsquo;\u00e9criture en capitales, propre \u00e0 la signal\u00e9tique fran\u00e7aise, n&rsquo;est plus en cours aujourd&rsquo;hui pour les lieux &hellip; <a href=\"http:\/\/jlggb.net\/blog5\/2017\/08\/09\/foret-de-lente\/\" class=\"more-link\">Continuer la lecture de <span class=\"screen-reader-text\">For\u00eat de Lente<\/span><\/a><\/p>\n","protected":false},"author":1,"featured_media":0,"comment_status":"closed","ping_status":"closed","sticky":false,"template":"","format":"standard","meta":{"footnotes":""},"categories":[14,19,58],"tags":[471,473,466],"class_list":["post-2561","post","type-post","status-publish","format-standard","hentry","category-disposition","category-enonciation","category-memoration","tag-localisation","tag-signalisation","tag-vercors"],"_links":{"self":[{"href":"http:\/\/jlggb.net\/blog5\/wp-json\/wp\/v2\/posts\/2561","targetHints":{"allow":["GET"]}}],"collection":[{"href":"http:\/\/jlggb.net\/blog5\/wp-json\/wp\/v2\/posts"}],"about":[{"href":"http:\/\/jlggb.net\/blog5\/wp-json\/wp\/v2\/types\/post"}],"author":[{"embeddable":true,"href":"http:\/\/jlggb.net\/blog5\/wp-json\/wp\/v2\/users\/1"}],"replies":[{"embeddable":true,"href":"http:\/\/jlggb.net\/blog5\/wp-json\/wp\/v2\/comments?post=2561"}],"version-history":[{"count":0,"href":"http:\/\/jlggb.net\/blog5\/wp-json\/wp\/v2\/posts\/2561\/revisions"}],"wp:attachment":[{"href":"http:\/\/jlggb.net\/blog5\/wp-json\/wp\/v2\/media?parent=2561"}],"wp:term":[{"taxonomy":"category","embeddable":true,"href":"http:\/\/jlggb.net\/blog5\/wp-json\/wp\/v2\/categories?post=2561"},{"taxonomy":"post_tag","embeddable":true,"href":"http:\/\/jlggb.net\/blog5\/wp-json\/wp\/v2\/tags?post=2561"}],"curies":[{"name":"wp","href":"https:\/\/api.w.org\/{rel}","templated":true}]}}