{"id":2558,"date":"2017-08-05T18:00:35","date_gmt":"2017-08-05T16:00:35","guid":{"rendered":"http:\/\/jlggb.net\/blog5\/?p=2558"},"modified":"2017-10-20T14:11:57","modified_gmt":"2017-10-20T12:11:57","slug":"le-nom","status":"publish","type":"post","link":"http:\/\/jlggb.net\/blog5\/2017\/08\/05\/le-nom\/","title":{"rendered":"Le nom"},"content":{"rendered":"<p><a href=\"http:\/\/jlggb.net\/blog5\/wp-content\/uploads\/2017\/08\/la-gartempe-1964-jlggb-2017.jpg\" data-rel=\"lightbox-image-0\" data-imagelightbox=\"0\" data-rl_title=\"\" data-rl_caption=\"\" title=\"\"><img loading=\"lazy\" decoding=\"async\" class=\"alignnone wp-image-2559\" src=\"http:\/\/jlggb.net\/blog5\/wp-content\/uploads\/2017\/08\/la-gartempe-1964-jlggb-2017.jpg\" alt=\"\" width=\"640\" height=\"427\" srcset=\"http:\/\/jlggb.net\/blog5\/wp-content\/uploads\/2017\/08\/la-gartempe-1964-jlggb-2017.jpg 2400w, http:\/\/jlggb.net\/blog5\/wp-content\/uploads\/2017\/08\/la-gartempe-1964-jlggb-2017-400x267.jpg 400w, http:\/\/jlggb.net\/blog5\/wp-content\/uploads\/2017\/08\/la-gartempe-1964-jlggb-2017-768x512.jpg 768w, http:\/\/jlggb.net\/blog5\/wp-content\/uploads\/2017\/08\/la-gartempe-1964-jlggb-2017-2000x1333.jpg 2000w, http:\/\/jlggb.net\/blog5\/wp-content\/uploads\/2017\/08\/la-gartempe-1964-jlggb-2017-150x100.jpg 150w\" sizes=\"auto, (max-width: 640px) 100vw, 640px\" \/><\/a><br \/>\nSamedi 5 ao\u00fbt 2017, 18h, archives. La num\u00e9risation du n\u00e9gatif rappelle une photographie qui eu un effet de manifeste. En juillet 1964, le panneau bien cadr\u00e9 est pr\u00e9f\u00e9r\u00e9 \u00e0 des vues de la rivi\u00e8re ou de l&rsquo;abbaye de Saint-Savin.<br \/>\nVoir une suite en 2002&nbsp;: <a href=\"http:\/\/jlggb.net\/blog\/?p=4641\" rel=\"noopener\" target=\"_blank\">http:\/\/jlggb.net\/blog\/?p=4641<\/a><\/p>\n","protected":false},"excerpt":{"rendered":"<p>Samedi 5 ao\u00fbt 2017, 18h, archives. La num\u00e9risation du n\u00e9gatif rappelle une photographie qui eu un effet de manifeste. En juillet 1964, le panneau bien cadr\u00e9 est pr\u00e9f\u00e9r\u00e9 \u00e0 des vues de la rivi\u00e8re ou de l&rsquo;abbaye de Saint-Savin. Voir une suite en 2002&nbsp;: http:\/\/jlggb.net\/blog\/?p=4641<\/p>\n","protected":false},"author":1,"featured_media":0,"comment_status":"closed","ping_status":"closed","sticky":false,"template":"","format":"standard","meta":{"footnotes":""},"categories":[19,58],"tags":[470,471,243,469],"class_list":["post-2558","post","type-post","status-publish","format-standard","hentry","category-enonciation","category-memoration","tag-470","tag-localisation","tag-photographie","tag-saint-savin-sur-gartempe"],"_links":{"self":[{"href":"http:\/\/jlggb.net\/blog5\/wp-json\/wp\/v2\/posts\/2558","targetHints":{"allow":["GET"]}}],"collection":[{"href":"http:\/\/jlggb.net\/blog5\/wp-json\/wp\/v2\/posts"}],"about":[{"href":"http:\/\/jlggb.net\/blog5\/wp-json\/wp\/v2\/types\/post"}],"author":[{"embeddable":true,"href":"http:\/\/jlggb.net\/blog5\/wp-json\/wp\/v2\/users\/1"}],"replies":[{"embeddable":true,"href":"http:\/\/jlggb.net\/blog5\/wp-json\/wp\/v2\/comments?post=2558"}],"version-history":[{"count":0,"href":"http:\/\/jlggb.net\/blog5\/wp-json\/wp\/v2\/posts\/2558\/revisions"}],"wp:attachment":[{"href":"http:\/\/jlggb.net\/blog5\/wp-json\/wp\/v2\/media?parent=2558"}],"wp:term":[{"taxonomy":"category","embeddable":true,"href":"http:\/\/jlggb.net\/blog5\/wp-json\/wp\/v2\/categories?post=2558"},{"taxonomy":"post_tag","embeddable":true,"href":"http:\/\/jlggb.net\/blog5\/wp-json\/wp\/v2\/tags?post=2558"}],"curies":[{"name":"wp","href":"https:\/\/api.w.org\/{rel}","templated":true}]}}