{"id":2477,"date":"2017-07-30T17:00:06","date_gmt":"2017-07-30T15:00:06","guid":{"rendered":"http:\/\/jlggb.net\/blog5\/?p=2477"},"modified":"2017-07-31T14:08:57","modified_gmt":"2017-07-31T12:08:57","slug":"neige-de-petales","status":"publish","type":"post","link":"http:\/\/jlggb.net\/blog5\/2017\/07\/30\/neige-de-petales\/","title":{"rendered":"Neige de p\u00e9tales"},"content":{"rendered":"<p><a href=\"http:\/\/jlggb.net\/blog5\/wp-content\/uploads\/2017\/07\/sophora-issy-20170730.jpg\" data-rel=\"lightbox-image-0\" data-imagelightbox=\"0\" data-rl_title=\"\" data-rl_caption=\"\" title=\"\"><img loading=\"lazy\" decoding=\"async\" src=\"http:\/\/jlggb.net\/blog5\/wp-content\/uploads\/2017\/07\/sophora-issy-20170730.jpg\" alt=\"\" width=\"640\" height=\"480\" class=\"alignnone size-full wp-image-2479\" srcset=\"http:\/\/jlggb.net\/blog5\/wp-content\/uploads\/2017\/07\/sophora-issy-20170730.jpg 2000w, http:\/\/jlggb.net\/blog5\/wp-content\/uploads\/2017\/07\/sophora-issy-20170730-400x300.jpg 400w, http:\/\/jlggb.net\/blog5\/wp-content\/uploads\/2017\/07\/sophora-issy-20170730-768x576.jpg 768w, http:\/\/jlggb.net\/blog5\/wp-content\/uploads\/2017\/07\/sophora-issy-20170730-150x113.jpg 150w\" sizes=\"auto, (max-width: 640px) 100vw, 640px\" \/><\/a><br \/>\nDimanche 30 juillet 2017, 17h, cours Saint-Vincent, Issy-les-Moulineaux. Sous le titre \u00ab Neige d&rsquo;\u00e9t\u00e9 \u00bb, \u00c9lisabeth a post\u00e9 ce matin sur Facebook des photos d&rsquo;un square du quartier Saint-Jean de Gen\u00e8ve dont le sol est couvert de fleurs tomb\u00e9es des arbres. Alors je ne peux pas \u00e9viter une telle neige. Le sophora japonica \u2014 de Chine et des \u00eeles de l&rsquo;oc\u00e9an Pacifique \u2014 a accompli son abondante floraison papilionac\u00e9e. Son fond de jaune est employ\u00e9 depuis des mill\u00e9naires pour teindre les soies. Le rangement \u00e0 la fa\u00e7on de pixels est donn\u00e9 ici par l&rsquo;ombre d&rsquo;une grille.<\/p>\n","protected":false},"excerpt":{"rendered":"<p>Dimanche 30 juillet 2017, 17h, cours Saint-Vincent, Issy-les-Moulineaux. Sous le titre \u00ab Neige d&rsquo;\u00e9t\u00e9 \u00bb, \u00c9lisabeth a post\u00e9 ce matin sur Facebook des photos d&rsquo;un square du quartier Saint-Jean de Gen\u00e8ve dont le sol est couvert de fleurs tomb\u00e9es des arbres. Alors je ne peux pas \u00e9viter une telle neige. Le sophora japonica \u2014 de &hellip; <a href=\"http:\/\/jlggb.net\/blog5\/2017\/07\/30\/neige-de-petales\/\" class=\"more-link\">Continuer la lecture de <span class=\"screen-reader-text\">Neige de p\u00e9tales<\/span><\/a><\/p>\n","protected":false},"author":1,"featured_media":0,"comment_status":"closed","ping_status":"closed","sticky":false,"template":"","format":"standard","meta":{"footnotes":""},"categories":[20,14,11],"tags":[114,454],"class_list":["post-2477","post","type-post","status-publish","format-standard","hentry","category-collection","category-disposition","category-superposition","tag-fleurs","tag-sophora"],"_links":{"self":[{"href":"http:\/\/jlggb.net\/blog5\/wp-json\/wp\/v2\/posts\/2477","targetHints":{"allow":["GET"]}}],"collection":[{"href":"http:\/\/jlggb.net\/blog5\/wp-json\/wp\/v2\/posts"}],"about":[{"href":"http:\/\/jlggb.net\/blog5\/wp-json\/wp\/v2\/types\/post"}],"author":[{"embeddable":true,"href":"http:\/\/jlggb.net\/blog5\/wp-json\/wp\/v2\/users\/1"}],"replies":[{"embeddable":true,"href":"http:\/\/jlggb.net\/blog5\/wp-json\/wp\/v2\/comments?post=2477"}],"version-history":[{"count":0,"href":"http:\/\/jlggb.net\/blog5\/wp-json\/wp\/v2\/posts\/2477\/revisions"}],"wp:attachment":[{"href":"http:\/\/jlggb.net\/blog5\/wp-json\/wp\/v2\/media?parent=2477"}],"wp:term":[{"taxonomy":"category","embeddable":true,"href":"http:\/\/jlggb.net\/blog5\/wp-json\/wp\/v2\/categories?post=2477"},{"taxonomy":"post_tag","embeddable":true,"href":"http:\/\/jlggb.net\/blog5\/wp-json\/wp\/v2\/tags?post=2477"}],"curies":[{"name":"wp","href":"https:\/\/api.w.org\/{rel}","templated":true}]}}