{"id":2430,"date":"2017-07-22T14:30:36","date_gmt":"2017-07-22T12:30:36","guid":{"rendered":"http:\/\/jlggb.net\/blog5\/?p=2430"},"modified":"2017-07-28T00:18:09","modified_gmt":"2017-07-27T22:18:09","slug":"le-cas-de-vannes-nest-pas-isole","status":"publish","type":"post","link":"http:\/\/jlggb.net\/blog5\/2017\/07\/22\/le-cas-de-vannes-nest-pas-isole\/","title":{"rendered":"Le cas de Vannes n&rsquo;est pas isol\u00e9"},"content":{"rendered":"<p><a href=\"http:\/\/jlggb.net\/blog5\/wp-content\/uploads\/2017\/07\/le-cas-de-vannes-20170722.jpg\" data-rel=\"lightbox-image-0\" data-imagelightbox=\"0\" data-rl_title=\"\" data-rl_caption=\"\" title=\"\"><img loading=\"lazy\" decoding=\"async\" src=\"http:\/\/jlggb.net\/blog5\/wp-content\/uploads\/2017\/07\/le-cas-de-vannes-20170722.jpg\" alt=\"\" width=\"640\" height=\"480\" class=\"alignnone size-full wp-image-2432\" srcset=\"http:\/\/jlggb.net\/blog5\/wp-content\/uploads\/2017\/07\/le-cas-de-vannes-20170722.jpg 2000w, http:\/\/jlggb.net\/blog5\/wp-content\/uploads\/2017\/07\/le-cas-de-vannes-20170722-400x300.jpg 400w, http:\/\/jlggb.net\/blog5\/wp-content\/uploads\/2017\/07\/le-cas-de-vannes-20170722-768x576.jpg 768w, http:\/\/jlggb.net\/blog5\/wp-content\/uploads\/2017\/07\/le-cas-de-vannes-20170722-150x113.jpg 150w\" sizes=\"auto, (max-width: 640px) 100vw, 640px\" \/><\/a><br \/>\nSamedi 22 juillet 2017, 14h30, rue des Chanoines, Vannes. Il y a un peu plus de 40 ans, une situation collective nous avait fait entendre et \u00e9crire&nbsp;: \u00ab Le cas de Vannes n&rsquo;est pas isol\u00e9 \u00bb. Cette affirmation est rest\u00e9e seule, applicable en bien des cas \u00e0 prendre en exemple, et pourquoi pas \u00e0 Vannes m\u00eame.<\/p>\n","protected":false},"excerpt":{"rendered":"<p>Samedi 22 juillet 2017, 14h30, rue des Chanoines, Vannes. Il y a un peu plus de 40 ans, une situation collective nous avait fait entendre et \u00e9crire&nbsp;: \u00ab Le cas de Vannes n&rsquo;est pas isol\u00e9 \u00bb. Cette affirmation est rest\u00e9e seule, applicable en bien des cas \u00e0 prendre en exemple, et pourquoi pas \u00e0 Vannes &hellip; <a href=\"http:\/\/jlggb.net\/blog5\/2017\/07\/22\/le-cas-de-vannes-nest-pas-isole\/\" class=\"more-link\">Continuer la lecture de <span class=\"screen-reader-text\">Le cas de Vannes n&rsquo;est pas isol\u00e9<\/span><\/a><\/p>\n","protected":false},"author":1,"featured_media":0,"comment_status":"closed","ping_status":"closed","sticky":false,"template":"","format":"standard","meta":{"footnotes":""},"categories":[317,19],"tags":[445,444],"class_list":["post-2430","post","type-post","status-publish","format-standard","hentry","category-citation","category-enonciation","tag-sens","tag-vannes"],"_links":{"self":[{"href":"http:\/\/jlggb.net\/blog5\/wp-json\/wp\/v2\/posts\/2430","targetHints":{"allow":["GET"]}}],"collection":[{"href":"http:\/\/jlggb.net\/blog5\/wp-json\/wp\/v2\/posts"}],"about":[{"href":"http:\/\/jlggb.net\/blog5\/wp-json\/wp\/v2\/types\/post"}],"author":[{"embeddable":true,"href":"http:\/\/jlggb.net\/blog5\/wp-json\/wp\/v2\/users\/1"}],"replies":[{"embeddable":true,"href":"http:\/\/jlggb.net\/blog5\/wp-json\/wp\/v2\/comments?post=2430"}],"version-history":[{"count":0,"href":"http:\/\/jlggb.net\/blog5\/wp-json\/wp\/v2\/posts\/2430\/revisions"}],"wp:attachment":[{"href":"http:\/\/jlggb.net\/blog5\/wp-json\/wp\/v2\/media?parent=2430"}],"wp:term":[{"taxonomy":"category","embeddable":true,"href":"http:\/\/jlggb.net\/blog5\/wp-json\/wp\/v2\/categories?post=2430"},{"taxonomy":"post_tag","embeddable":true,"href":"http:\/\/jlggb.net\/blog5\/wp-json\/wp\/v2\/tags?post=2430"}],"curies":[{"name":"wp","href":"https:\/\/api.w.org\/{rel}","templated":true}]}}