{"id":2275,"date":"2017-07-06T20:00:13","date_gmt":"2017-07-06T18:00:13","guid":{"rendered":"http:\/\/jlggb.net\/blog5\/?p=2275"},"modified":"2017-07-06T21:30:00","modified_gmt":"2017-07-06T19:30:00","slug":"messe-pour-le-temps-present-50-ans-ch-2","status":"publish","type":"post","link":"http:\/\/jlggb.net\/blog5\/2017\/07\/06\/messe-pour-le-temps-present-50-ans-ch-2\/","title":{"rendered":"Messe pour le temps pr\u00e9sent (50 ans. Ch. 2)"},"content":{"rendered":"<p><a href=\"http:\/\/jlggb.net\/blog5\/wp-content\/uploads\/2017\/07\/bejart-mpltp-01-1967-\u00a9jlggb.jpg\" data-rel=\"lightbox-image-0\" data-imagelightbox=\"0\" data-rl_title=\"\" data-rl_caption=\"\" title=\"\"><img loading=\"lazy\" decoding=\"async\" class=\"alignnone size-full wp-image-2278\" src=\"http:\/\/jlggb.net\/blog5\/wp-content\/uploads\/2017\/07\/bejart-mpltp-01-1967-\u00a9jlggb.jpg\" alt=\"\" width=\"640\" height=\"426\" srcset=\"http:\/\/jlggb.net\/blog5\/wp-content\/uploads\/2017\/07\/bejart-mpltp-01-1967-\u00a9jlggb.jpg 2400w, http:\/\/jlggb.net\/blog5\/wp-content\/uploads\/2017\/07\/bejart-mpltp-01-1967-\u00a9jlggb-400x267.jpg 400w, http:\/\/jlggb.net\/blog5\/wp-content\/uploads\/2017\/07\/bejart-mpltp-01-1967-\u00a9jlggb-768x512.jpg 768w, http:\/\/jlggb.net\/blog5\/wp-content\/uploads\/2017\/07\/bejart-mpltp-01-1967-\u00a9jlggb-2000x1333.jpg 2000w, http:\/\/jlggb.net\/blog5\/wp-content\/uploads\/2017\/07\/bejart-mpltp-01-1967-\u00a9jlggb-150x100.jpg 150w\" sizes=\"auto, (max-width: 640px) 100vw, 640px\" \/><\/a><br \/>\n<a href=\"http:\/\/jlggb.net\/blog5\/wp-content\/uploads\/2017\/07\/bejart-mpltp-pb-03-1967-\u00a9jlggb.jpg\" data-rel=\"lightbox-image-1\" data-imagelightbox=\"1\" data-rl_title=\"\" data-rl_caption=\"\" title=\"\"><img loading=\"lazy\" decoding=\"async\" class=\"alignnone size-full wp-image-2281\" src=\"http:\/\/jlggb.net\/blog5\/wp-content\/uploads\/2017\/07\/bejart-mpltp-pb-03-1967-\u00a9jlggb.jpg\" alt=\"\" width=\"640\" height=\"426\" srcset=\"http:\/\/jlggb.net\/blog5\/wp-content\/uploads\/2017\/07\/bejart-mpltp-pb-03-1967-\u00a9jlggb.jpg 2400w, http:\/\/jlggb.net\/blog5\/wp-content\/uploads\/2017\/07\/bejart-mpltp-pb-03-1967-\u00a9jlggb-400x267.jpg 400w, http:\/\/jlggb.net\/blog5\/wp-content\/uploads\/2017\/07\/bejart-mpltp-pb-03-1967-\u00a9jlggb-768x512.jpg 768w, http:\/\/jlggb.net\/blog5\/wp-content\/uploads\/2017\/07\/bejart-mpltp-pb-03-1967-\u00a9jlggb-2000x1333.jpg 2000w, http:\/\/jlggb.net\/blog5\/wp-content\/uploads\/2017\/07\/bejart-mpltp-pb-03-1967-\u00a9jlggb-150x100.jpg 150w\" sizes=\"auto, (max-width: 640px) 100vw, 640px\" \/><\/a><br \/>\n<a href=\"http:\/\/jlggb.net\/blog5\/wp-content\/uploads\/2017\/07\/bejart-mpltp-jd-02-1967-\u00a9jlggb.jpg\" data-rel=\"lightbox-image-2\" data-imagelightbox=\"2\" data-rl_title=\"\" data-rl_caption=\"\" title=\"\"><img loading=\"lazy\" decoding=\"async\" class=\"alignnone size-full wp-image-2280\" src=\"http:\/\/jlggb.net\/blog5\/wp-content\/uploads\/2017\/07\/bejart-mpltp-jd-02-1967-\u00a9jlggb.jpg\" alt=\"\" width=\"640\" height=\"426\" srcset=\"http:\/\/jlggb.net\/blog5\/wp-content\/uploads\/2017\/07\/bejart-mpltp-jd-02-1967-\u00a9jlggb.jpg 2400w, http:\/\/jlggb.net\/blog5\/wp-content\/uploads\/2017\/07\/bejart-mpltp-jd-02-1967-\u00a9jlggb-400x267.jpg 400w, http:\/\/jlggb.net\/blog5\/wp-content\/uploads\/2017\/07\/bejart-mpltp-jd-02-1967-\u00a9jlggb-768x512.jpg 768w, http:\/\/jlggb.net\/blog5\/wp-content\/uploads\/2017\/07\/bejart-mpltp-jd-02-1967-\u00a9jlggb-2000x1333.jpg 2000w, http:\/\/jlggb.net\/blog5\/wp-content\/uploads\/2017\/07\/bejart-mpltp-jd-02-1967-\u00a9jlggb-150x100.jpg 150w\" sizes=\"auto, (max-width: 640px) 100vw, 640px\" \/><\/a><br \/>\nJeudi 6 juillet 2017. DES ARCHIVES \/ 50 ANS. Ballet du XXe Si\u00e8cle, Maurice B\u00e9jart, premi\u00e8re de <em>Messe pour le temps pr\u00e9sent<\/em>, Festival d&rsquo;Avignon, 3 ao\u00fbt 1967. Photos \u00a9JLggB in\u00e9dites. On reconna\u00eet le tableau qui fera la pochette du disque de Pierre Henry. Co\u00efncidence&nbsp;: pendant la pr\u00e9paration de ces photos, on apprend la mort de Pierre Henry.<\/p>\n","protected":false},"excerpt":{"rendered":"<p>Jeudi 6 juillet 2017. DES ARCHIVES \/ 50 ANS. Ballet du XXe Si\u00e8cle, Maurice B\u00e9jart, premi\u00e8re de Messe pour le temps pr\u00e9sent, Festival d&rsquo;Avignon, 3 ao\u00fbt 1967. Photos \u00a9JLggB in\u00e9dites. On reconna\u00eet le tableau qui fera la pochette du disque de Pierre Henry. Co\u00efncidence&nbsp;: pendant la pr\u00e9paration de ces photos, on apprend la mort de &hellip; <a href=\"http:\/\/jlggb.net\/blog5\/2017\/07\/06\/messe-pour-le-temps-present-50-ans-ch-2\/\" class=\"more-link\">Continuer la lecture de <span class=\"screen-reader-text\">Messe pour le temps pr\u00e9sent (50 ans. Ch. 2)<\/span><\/a><\/p>\n","protected":false},"author":1,"featured_media":0,"comment_status":"closed","ping_status":"closed","sticky":false,"template":"","format":"standard","meta":{"footnotes":""},"categories":[20,58],"tags":[422,421,423],"class_list":["post-2275","post","type-post","status-publish","format-standard","hentry","category-collection","category-memoration","tag-avignon","tag-maurice-bejart","tag-pierre-henry"],"_links":{"self":[{"href":"http:\/\/jlggb.net\/blog5\/wp-json\/wp\/v2\/posts\/2275","targetHints":{"allow":["GET"]}}],"collection":[{"href":"http:\/\/jlggb.net\/blog5\/wp-json\/wp\/v2\/posts"}],"about":[{"href":"http:\/\/jlggb.net\/blog5\/wp-json\/wp\/v2\/types\/post"}],"author":[{"embeddable":true,"href":"http:\/\/jlggb.net\/blog5\/wp-json\/wp\/v2\/users\/1"}],"replies":[{"embeddable":true,"href":"http:\/\/jlggb.net\/blog5\/wp-json\/wp\/v2\/comments?post=2275"}],"version-history":[{"count":0,"href":"http:\/\/jlggb.net\/blog5\/wp-json\/wp\/v2\/posts\/2275\/revisions"}],"wp:attachment":[{"href":"http:\/\/jlggb.net\/blog5\/wp-json\/wp\/v2\/media?parent=2275"}],"wp:term":[{"taxonomy":"category","embeddable":true,"href":"http:\/\/jlggb.net\/blog5\/wp-json\/wp\/v2\/categories?post=2275"},{"taxonomy":"post_tag","embeddable":true,"href":"http:\/\/jlggb.net\/blog5\/wp-json\/wp\/v2\/tags?post=2275"}],"curies":[{"name":"wp","href":"https:\/\/api.w.org\/{rel}","templated":true}]}}