{"id":2253,"date":"2017-06-28T15:00:39","date_gmt":"2017-06-28T13:00:39","guid":{"rendered":"http:\/\/jlggb.net\/blog5\/?p=2253"},"modified":"2017-07-06T21:27:19","modified_gmt":"2017-07-06T19:27:19","slug":"lumiere-et-mouvement-50-ans-ch-1","status":"publish","type":"post","link":"http:\/\/jlggb.net\/blog5\/2017\/06\/28\/lumiere-et-mouvement-50-ans-ch-1\/","title":{"rendered":"Lumi\u00e8re et Mouvement (50 ans. Ch. 1)"},"content":{"rendered":"<p><a href=\"http:\/\/jlggb.net\/blog5\/wp-content\/uploads\/2017\/06\/lumiere-et-mouvement-cat-1967-20170628.jpg\" data-rel=\"lightbox-image-0\" data-imagelightbox=\"0\" data-rl_title=\"\" data-rl_caption=\"\" title=\"\"><img loading=\"lazy\" decoding=\"async\" class=\"alignnone size-full wp-image-2255\" src=\"http:\/\/jlggb.net\/blog5\/wp-content\/uploads\/2017\/06\/lumiere-et-mouvement-cat-1967-20170628.jpg\" alt=\"\" width=\"640\" height=\"480\" \/><\/a><br \/>\nMercredi 28 juin 2017. DES ARCHIVES \/ 50 ANS *. <em>Lumi\u00e8re et Mouvement<\/em>, Mus\u00e9e d\u2019art moderne de la Ville de Paris, Frank Popper commissaire, mai-ao\u00fbt 1967. Pierre Faucheux et Hans Walter M\u00fcller architectes. Je vois cette exposition. * Cette s\u00e9rie est publi\u00e9e simultan\u00e9ment sur FaceBook et sur Instagram.<\/p>\n","protected":false},"excerpt":{"rendered":"<p>Mercredi 28 juin 2017. DES ARCHIVES \/ 50 ANS *. Lumi\u00e8re et Mouvement, Mus\u00e9e d\u2019art moderne de la Ville de Paris, Frank Popper commissaire, mai-ao\u00fbt 1967. Pierre Faucheux et Hans Walter M\u00fcller architectes. Je vois cette exposition. * Cette s\u00e9rie est publi\u00e9e simultan\u00e9ment sur FaceBook et sur Instagram.<\/p>\n","protected":false},"author":1,"featured_media":0,"comment_status":"closed","ping_status":"closed","sticky":false,"template":"","format":"standard","meta":{"footnotes":""},"categories":[20,58],"tags":[404,418,266],"class_list":["post-2253","post","type-post","status-publish","format-standard","hentry","category-collection","category-memoration","tag-404","tag-catalogue","tag-frank-popper"],"_links":{"self":[{"href":"http:\/\/jlggb.net\/blog5\/wp-json\/wp\/v2\/posts\/2253","targetHints":{"allow":["GET"]}}],"collection":[{"href":"http:\/\/jlggb.net\/blog5\/wp-json\/wp\/v2\/posts"}],"about":[{"href":"http:\/\/jlggb.net\/blog5\/wp-json\/wp\/v2\/types\/post"}],"author":[{"embeddable":true,"href":"http:\/\/jlggb.net\/blog5\/wp-json\/wp\/v2\/users\/1"}],"replies":[{"embeddable":true,"href":"http:\/\/jlggb.net\/blog5\/wp-json\/wp\/v2\/comments?post=2253"}],"version-history":[{"count":0,"href":"http:\/\/jlggb.net\/blog5\/wp-json\/wp\/v2\/posts\/2253\/revisions"}],"wp:attachment":[{"href":"http:\/\/jlggb.net\/blog5\/wp-json\/wp\/v2\/media?parent=2253"}],"wp:term":[{"taxonomy":"category","embeddable":true,"href":"http:\/\/jlggb.net\/blog5\/wp-json\/wp\/v2\/categories?post=2253"},{"taxonomy":"post_tag","embeddable":true,"href":"http:\/\/jlggb.net\/blog5\/wp-json\/wp\/v2\/tags?post=2253"}],"curies":[{"name":"wp","href":"https:\/\/api.w.org\/{rel}","templated":true}]}}