{"id":2218,"date":"2017-06-15T21:00:02","date_gmt":"2017-06-15T19:00:02","guid":{"rendered":"http:\/\/jlggb.net\/blog5\/?p=2218"},"modified":"2017-06-15T21:18:12","modified_gmt":"2017-06-15T19:18:12","slug":"du-temps-passe-vie-des-objets-ch-55","status":"publish","type":"post","link":"http:\/\/jlggb.net\/blog5\/2017\/06\/15\/du-temps-passe-vie-des-objets-ch-55\/","title":{"rendered":"Du temps pass\u00e9 (Vie des objets. Ch. 55)"},"content":{"rendered":"<p><a href=\"http:\/\/jlggb.net\/blog5\/wp-content\/uploads\/2017\/06\/maiakovski-frioux-1961-20170614.jpg\" data-rel=\"lightbox-image-0\" data-imagelightbox=\"0\" data-rl_title=\"\" data-rl_caption=\"\" title=\"\"><img loading=\"lazy\" decoding=\"async\" class=\"alignnone size-full wp-image-2220\" src=\"http:\/\/jlggb.net\/blog5\/wp-content\/uploads\/2017\/06\/maiakovski-frioux-1961-20170614.jpg\" alt=\"\" width=\"640\" height=\"480\" srcset=\"http:\/\/jlggb.net\/blog5\/wp-content\/uploads\/2017\/06\/maiakovski-frioux-1961-20170614.jpg 2000w, http:\/\/jlggb.net\/blog5\/wp-content\/uploads\/2017\/06\/maiakovski-frioux-1961-20170614-400x300.jpg 400w, http:\/\/jlggb.net\/blog5\/wp-content\/uploads\/2017\/06\/maiakovski-frioux-1961-20170614-768x576.jpg 768w, http:\/\/jlggb.net\/blog5\/wp-content\/uploads\/2017\/06\/maiakovski-frioux-1961-20170614-150x113.jpg 150w\" sizes=\"auto, (max-width: 640px) 100vw, 640px\" \/><\/a><br \/>\nJeudi 15 juin 2017, 21h, Paris. Il a achet\u00e9 ce livre rue de Buci, \u00e0 la Librairie du Globe, en 1969, \u00e0 son arriv\u00e9e \u00e0 Paris. Il ne sait pas qu&rsquo;il va conna\u00eetre, de pr\u00e8s et pour longtemps, Claude Frioux, \u00e0 partir de la facult\u00e9 de Vincennes. Aujourd&rsquo;hui, \u00e0 l&rsquo;universit\u00e9 de Saint-Denis, il a assist\u00e9 \u00e0 une s\u00e9rie de d\u00e9clarations en hommage \u00e0 Claude Frioux qui a disparu cette ann\u00e9e le 17 avril. <em>Maiakovski par lui-m\u00eame<\/em> a \u00e9t\u00e9 publi\u00e9 en 1961, son auteur avait alors 29 ans, c&rsquo;\u00e9tait 31 ans apr\u00e8s la mort du po\u00e8te dont \u00ab la vie est d\u00e9finitivement inscrite dans le pass\u00e9 \u00bb (p. 19), c&rsquo;\u00e9tait il y a 56 ans.<\/p>\n","protected":false},"excerpt":{"rendered":"<p>Jeudi 15 juin 2017, 21h, Paris. Il a achet\u00e9 ce livre rue de Buci, \u00e0 la Librairie du Globe, en 1969, \u00e0 son arriv\u00e9e \u00e0 Paris. Il ne sait pas qu&rsquo;il va conna\u00eetre, de pr\u00e8s et pour longtemps, Claude Frioux, \u00e0 partir de la facult\u00e9 de Vincennes. Aujourd&rsquo;hui, \u00e0 l&rsquo;universit\u00e9 de Saint-Denis, il a assist\u00e9 &hellip; <a href=\"http:\/\/jlggb.net\/blog5\/2017\/06\/15\/du-temps-passe-vie-des-objets-ch-55\/\" class=\"more-link\">Continuer la lecture de <span class=\"screen-reader-text\">Du temps pass\u00e9 (Vie des objets. Ch. 55)<\/span><\/a><\/p>\n","protected":false},"author":1,"featured_media":0,"comment_status":"closed","ping_status":"closed","sticky":false,"template":"","format":"standard","meta":{"footnotes":""},"categories":[19,58,16],"tags":[415,208,414],"class_list":["post-2218","post","type-post","status-publish","format-standard","hentry","category-enonciation","category-memoration","category-objectivation","tag-claude-frioux","tag-livre","tag-maiakovski"],"_links":{"self":[{"href":"http:\/\/jlggb.net\/blog5\/wp-json\/wp\/v2\/posts\/2218","targetHints":{"allow":["GET"]}}],"collection":[{"href":"http:\/\/jlggb.net\/blog5\/wp-json\/wp\/v2\/posts"}],"about":[{"href":"http:\/\/jlggb.net\/blog5\/wp-json\/wp\/v2\/types\/post"}],"author":[{"embeddable":true,"href":"http:\/\/jlggb.net\/blog5\/wp-json\/wp\/v2\/users\/1"}],"replies":[{"embeddable":true,"href":"http:\/\/jlggb.net\/blog5\/wp-json\/wp\/v2\/comments?post=2218"}],"version-history":[{"count":0,"href":"http:\/\/jlggb.net\/blog5\/wp-json\/wp\/v2\/posts\/2218\/revisions"}],"wp:attachment":[{"href":"http:\/\/jlggb.net\/blog5\/wp-json\/wp\/v2\/media?parent=2218"}],"wp:term":[{"taxonomy":"category","embeddable":true,"href":"http:\/\/jlggb.net\/blog5\/wp-json\/wp\/v2\/categories?post=2218"},{"taxonomy":"post_tag","embeddable":true,"href":"http:\/\/jlggb.net\/blog5\/wp-json\/wp\/v2\/tags?post=2218"}],"curies":[{"name":"wp","href":"https:\/\/api.w.org\/{rel}","templated":true}]}}