{"id":2165,"date":"2017-06-01T00:03:17","date_gmt":"2017-05-31T22:03:17","guid":{"rendered":"http:\/\/jlggb.net\/blog5\/?p=2165"},"modified":"2017-06-01T00:03:48","modified_gmt":"2017-05-31T22:03:48","slug":"le-numero-23-de-la-couleur-des-jours","status":"publish","type":"post","link":"http:\/\/jlggb.net\/blog5\/2017\/06\/01\/le-numero-23-de-la-couleur-des-jours\/","title":{"rendered":"Le num\u00e9ro 23 de La Couleur des jours"},"content":{"rendered":"<p><a href=\"http:\/\/jlggb.net\/blog5\/wp-content\/uploads\/2017\/05\/cdj_23_jlggb.jpg\" data-rel=\"lightbox-image-0\" data-imagelightbox=\"0\" data-rl_title=\"\" data-rl_caption=\"\" title=\"\"><img loading=\"lazy\" decoding=\"async\" class=\"alignnone size-full wp-image-2166\" src=\"http:\/\/jlggb.net\/blog5\/wp-content\/uploads\/2017\/05\/cdj_23_jlggb.jpg\" alt=\"\" width=\"640\" height=\"1069\" srcset=\"http:\/\/jlggb.net\/blog5\/wp-content\/uploads\/2017\/05\/cdj_23_jlggb.jpg 1126w, http:\/\/jlggb.net\/blog5\/wp-content\/uploads\/2017\/05\/cdj_23_jlggb-180x300.jpg 180w, http:\/\/jlggb.net\/blog5\/wp-content\/uploads\/2017\/05\/cdj_23_jlggb-768x1283.jpg 768w, http:\/\/jlggb.net\/blog5\/wp-content\/uploads\/2017\/05\/cdj_23_jlggb-898x1500.jpg 898w, http:\/\/jlggb.net\/blog5\/wp-content\/uploads\/2017\/05\/cdj_23_jlggb-90x150.jpg 90w\" sizes=\"auto, (max-width: 640px) 100vw, 640px\" \/><\/a><br \/>\nParution du num\u00e9ro 23 de <em>La Couleur des jours<\/em>, \u00e9t\u00e9 2017, <a href=\"http:\/\/www.lacouleurdesjours.ch\/\">http:\/\/www.lacouleurdesjours.ch\/<\/a>, avec la rubrique \u00ab De l\u2019album de jlggb \u00bb.<\/p>\n","protected":false},"excerpt":{"rendered":"<p>Parution du num\u00e9ro 23 de La Couleur des jours, \u00e9t\u00e9 2017, http:\/\/www.lacouleurdesjours.ch\/, avec la rubrique \u00ab De l\u2019album de jlggb \u00bb.<\/p>\n","protected":false},"author":1,"featured_media":0,"comment_status":"closed","ping_status":"closed","sticky":false,"template":"","format":"standard","meta":{"footnotes":""},"categories":[24],"tags":[70],"class_list":["post-2165","post","type-post","status-publish","format-standard","hentry","category-reception","tag-la-couleur-des-jours"],"_links":{"self":[{"href":"http:\/\/jlggb.net\/blog5\/wp-json\/wp\/v2\/posts\/2165","targetHints":{"allow":["GET"]}}],"collection":[{"href":"http:\/\/jlggb.net\/blog5\/wp-json\/wp\/v2\/posts"}],"about":[{"href":"http:\/\/jlggb.net\/blog5\/wp-json\/wp\/v2\/types\/post"}],"author":[{"embeddable":true,"href":"http:\/\/jlggb.net\/blog5\/wp-json\/wp\/v2\/users\/1"}],"replies":[{"embeddable":true,"href":"http:\/\/jlggb.net\/blog5\/wp-json\/wp\/v2\/comments?post=2165"}],"version-history":[{"count":0,"href":"http:\/\/jlggb.net\/blog5\/wp-json\/wp\/v2\/posts\/2165\/revisions"}],"wp:attachment":[{"href":"http:\/\/jlggb.net\/blog5\/wp-json\/wp\/v2\/media?parent=2165"}],"wp:term":[{"taxonomy":"category","embeddable":true,"href":"http:\/\/jlggb.net\/blog5\/wp-json\/wp\/v2\/categories?post=2165"},{"taxonomy":"post_tag","embeddable":true,"href":"http:\/\/jlggb.net\/blog5\/wp-json\/wp\/v2\/tags?post=2165"}],"curies":[{"name":"wp","href":"https:\/\/api.w.org\/{rel}","templated":true}]}}