{"id":2007,"date":"2017-04-29T15:30:33","date_gmt":"2017-04-29T13:30:33","guid":{"rendered":"http:\/\/jlggb.net\/blog5\/?p=2007"},"modified":"2017-05-01T12:32:59","modified_gmt":"2017-05-01T10:32:59","slug":"jules-dalou","status":"publish","type":"post","link":"http:\/\/jlggb.net\/blog5\/2017\/04\/29\/jules-dalou\/","title":{"rendered":"Jules Dalou"},"content":{"rendered":"<p><a href=\"http:\/\/jlggb.net\/blog5\/wp-content\/uploads\/2017\/05\/dalou-rodin-20170429.jpg\" data-rel=\"lightbox-image-0\" data-imagelightbox=\"0\" data-rl_title=\"\" data-rl_caption=\"\" title=\"\"><img loading=\"lazy\" decoding=\"async\" src=\"http:\/\/jlggb.net\/blog5\/wp-content\/uploads\/2017\/05\/dalou-rodin-20170429.jpg\" alt=\"\" width=\"640\" height=\"480\" class=\"alignnone size-full wp-image-2022\" srcset=\"http:\/\/jlggb.net\/blog5\/wp-content\/uploads\/2017\/05\/dalou-rodin-20170429.jpg 2400w, http:\/\/jlggb.net\/blog5\/wp-content\/uploads\/2017\/05\/dalou-rodin-20170429-400x300.jpg 400w, http:\/\/jlggb.net\/blog5\/wp-content\/uploads\/2017\/05\/dalou-rodin-20170429-768x576.jpg 768w, http:\/\/jlggb.net\/blog5\/wp-content\/uploads\/2017\/05\/dalou-rodin-20170429-2000x1500.jpg 2000w, http:\/\/jlggb.net\/blog5\/wp-content\/uploads\/2017\/05\/dalou-rodin-20170429-150x113.jpg 150w\" sizes=\"auto, (max-width: 640px) 100vw, 640px\" \/><\/a><br \/>\nSamedi 29 avril 2017, 15h30, Petit Palais, Paris. Auguste Rodin, <em>Portrait de Jules Dalou<\/em>, 1883, pl\u00e2tre, Mus\u00e9e Rodin, en d\u00e9p\u00f4t au Petit Palais. Pour entreprendre une red\u00e9couverte de l&rsquo;\u0153uvre de Jules Dalou. Voir \u00ab Dalou \u00e0 la Nation \u00bb, <a href=\"http:\/\/jlggb.net\/blog5\/?p=157\" target=\"_blank\">http:\/\/jlggb.net\/blog5\/?p=157<\/a><\/p>\n","protected":false},"excerpt":{"rendered":"<p>Samedi 29 avril 2017, 15h30, Petit Palais, Paris. Auguste Rodin, Portrait de Jules Dalou, 1883, pl\u00e2tre, Mus\u00e9e Rodin, en d\u00e9p\u00f4t au Petit Palais. Pour entreprendre une red\u00e9couverte de l&rsquo;\u0153uvre de Jules Dalou. Voir \u00ab Dalou \u00e0 la Nation \u00bb, http:\/\/jlggb.net\/blog5\/?p=157<\/p>\n","protected":false},"author":1,"featured_media":0,"comment_status":"closed","ping_status":"closed","sticky":false,"template":"","format":"standard","meta":{"footnotes":""},"categories":[317,58],"tags":[394],"class_list":["post-2007","post","type-post","status-publish","format-standard","hentry","category-citation","category-memoration","tag-jules-dalou"],"_links":{"self":[{"href":"http:\/\/jlggb.net\/blog5\/wp-json\/wp\/v2\/posts\/2007","targetHints":{"allow":["GET"]}}],"collection":[{"href":"http:\/\/jlggb.net\/blog5\/wp-json\/wp\/v2\/posts"}],"about":[{"href":"http:\/\/jlggb.net\/blog5\/wp-json\/wp\/v2\/types\/post"}],"author":[{"embeddable":true,"href":"http:\/\/jlggb.net\/blog5\/wp-json\/wp\/v2\/users\/1"}],"replies":[{"embeddable":true,"href":"http:\/\/jlggb.net\/blog5\/wp-json\/wp\/v2\/comments?post=2007"}],"version-history":[{"count":0,"href":"http:\/\/jlggb.net\/blog5\/wp-json\/wp\/v2\/posts\/2007\/revisions"}],"wp:attachment":[{"href":"http:\/\/jlggb.net\/blog5\/wp-json\/wp\/v2\/media?parent=2007"}],"wp:term":[{"taxonomy":"category","embeddable":true,"href":"http:\/\/jlggb.net\/blog5\/wp-json\/wp\/v2\/categories?post=2007"},{"taxonomy":"post_tag","embeddable":true,"href":"http:\/\/jlggb.net\/blog5\/wp-json\/wp\/v2\/tags?post=2007"}],"curies":[{"name":"wp","href":"https:\/\/api.w.org\/{rel}","templated":true}]}}