{"id":1968,"date":"2017-04-22T13:00:32","date_gmt":"2017-04-22T11:00:32","guid":{"rendered":"http:\/\/jlggb.net\/blog5\/?p=1968"},"modified":"2017-04-26T01:36:09","modified_gmt":"2017-04-25T23:36:09","slug":"ses-traits","status":"publish","type":"post","link":"http:\/\/jlggb.net\/blog5\/2017\/04\/22\/ses-traits\/","title":{"rendered":"Ses traits"},"content":{"rendered":"<p><a href=\"http:\/\/jlggb.net\/blog5\/wp-content\/uploads\/2017\/04\/van-gogh-autoportrait-1887-20170422.jpg\" data-rel=\"lightbox-image-0\" data-imagelightbox=\"0\" data-rl_title=\"\" data-rl_caption=\"\" title=\"\"><img loading=\"lazy\" decoding=\"async\" src=\"http:\/\/jlggb.net\/blog5\/wp-content\/uploads\/2017\/04\/van-gogh-autoportrait-1887-20170422.jpg\" alt=\"\" width=\"640\" height=\"480\" class=\"alignnone size-full wp-image-1970\" \/><\/a><br \/>\nSamedi 22 avril 2017, 13h, Fondation Van Gogh, Arles. <em>Autoportrait<\/em>, 1887, huile sur toile, 47 x 35,4 cm, collection Fondation E.G. B\u00fchrle, Zurich. Les quatre murs de la salle Vincent Van Gogh portent huit tableaux. L&rsquo;attraction sup\u00e9rieure est dans cette pr\u00e9sence double de ses traits dans ses traits, amplifi\u00e9e par le d\u00e9cadrage du profil et du regard.<\/p>\n","protected":false},"excerpt":{"rendered":"<p>Samedi 22 avril 2017, 13h, Fondation Van Gogh, Arles. Autoportrait, 1887, huile sur toile, 47 x 35,4 cm, collection Fondation E.G. B\u00fchrle, Zurich. Les quatre murs de la salle Vincent Van Gogh portent huit tableaux. L&rsquo;attraction sup\u00e9rieure est dans cette pr\u00e9sence double de ses traits dans ses traits, amplifi\u00e9e par le d\u00e9cadrage du profil et &hellip; <a href=\"http:\/\/jlggb.net\/blog5\/2017\/04\/22\/ses-traits\/\" class=\"more-link\">Continuer la lecture de <span class=\"screen-reader-text\">Ses traits<\/span><\/a><\/p>\n","protected":false},"author":1,"featured_media":0,"comment_status":"closed","ping_status":"closed","sticky":false,"template":"","format":"standard","meta":{"footnotes":""},"categories":[58,16],"tags":[32],"class_list":["post-1968","post","type-post","status-publish","format-standard","hentry","category-memoration","category-objectivation","tag-van-gogh"],"_links":{"self":[{"href":"http:\/\/jlggb.net\/blog5\/wp-json\/wp\/v2\/posts\/1968","targetHints":{"allow":["GET"]}}],"collection":[{"href":"http:\/\/jlggb.net\/blog5\/wp-json\/wp\/v2\/posts"}],"about":[{"href":"http:\/\/jlggb.net\/blog5\/wp-json\/wp\/v2\/types\/post"}],"author":[{"embeddable":true,"href":"http:\/\/jlggb.net\/blog5\/wp-json\/wp\/v2\/users\/1"}],"replies":[{"embeddable":true,"href":"http:\/\/jlggb.net\/blog5\/wp-json\/wp\/v2\/comments?post=1968"}],"version-history":[{"count":0,"href":"http:\/\/jlggb.net\/blog5\/wp-json\/wp\/v2\/posts\/1968\/revisions"}],"wp:attachment":[{"href":"http:\/\/jlggb.net\/blog5\/wp-json\/wp\/v2\/media?parent=1968"}],"wp:term":[{"taxonomy":"category","embeddable":true,"href":"http:\/\/jlggb.net\/blog5\/wp-json\/wp\/v2\/categories?post=1968"},{"taxonomy":"post_tag","embeddable":true,"href":"http:\/\/jlggb.net\/blog5\/wp-json\/wp\/v2\/tags?post=1968"}],"curies":[{"name":"wp","href":"https:\/\/api.w.org\/{rel}","templated":true}]}}