{"id":1705,"date":"2017-03-25T16:20:53","date_gmt":"2017-03-25T14:20:53","guid":{"rendered":"http:\/\/jlggb.net\/blog5\/?p=1705"},"modified":"2017-03-30T01:01:23","modified_gmt":"2017-03-29T23:01:23","slug":"effacement-du-dan-graham","status":"publish","type":"post","link":"http:\/\/jlggb.net\/blog5\/2017\/03\/25\/effacement-du-dan-graham\/","title":{"rendered":"Effacement du Dan Graham"},"content":{"rendered":"<p><a href=\"http:\/\/jlggb.net\/blog5\/wp-content\/uploads\/2017\/03\/dan-graham-porte-de-versailles-20170325.jpg\" data-rel=\"lightbox-image-0\" data-imagelightbox=\"0\" data-rl_title=\"\" data-rl_caption=\"\" title=\"\"><img loading=\"lazy\" decoding=\"async\" src=\"http:\/\/jlggb.net\/blog5\/wp-content\/uploads\/2017\/03\/dan-graham-porte-de-versailles-20170325.jpg\" alt=\"\" width=\"640\" height=\"480\" class=\"alignnone size-full wp-image-1707\" srcset=\"http:\/\/jlggb.net\/blog5\/wp-content\/uploads\/2017\/03\/dan-graham-porte-de-versailles-20170325.jpg 2000w, http:\/\/jlggb.net\/blog5\/wp-content\/uploads\/2017\/03\/dan-graham-porte-de-versailles-20170325-400x300.jpg 400w, http:\/\/jlggb.net\/blog5\/wp-content\/uploads\/2017\/03\/dan-graham-porte-de-versailles-20170325-768x576.jpg 768w, http:\/\/jlggb.net\/blog5\/wp-content\/uploads\/2017\/03\/dan-graham-porte-de-versailles-20170325-150x113.jpg 150w\" sizes=\"auto, (max-width: 640px) 100vw, 640px\" \/><\/a><br \/>\n<a href=\"http:\/\/jlggb.net\/blog5\/wp-content\/uploads\/2017\/03\/dan-graham-nous-porte-de-versailles-20170325.jpg\" data-rel=\"lightbox-image-1\" data-imagelightbox=\"1\" data-rl_title=\"\" data-rl_caption=\"\" title=\"\"><img loading=\"lazy\" decoding=\"async\" src=\"http:\/\/jlggb.net\/blog5\/wp-content\/uploads\/2017\/03\/dan-graham-nous-porte-de-versailles-20170325.jpg\" alt=\"\" width=\"640\" height=\"480\" class=\"alignnone size-full wp-image-1706\" \/><\/a><br \/>\nSamedi 25 mars 2017, 16h20, Porte de Versailles, devant le Salon du livre. <em>From Boull\u00e9e to Eternity<\/em>, l&rsquo;architecture de verre et de reflets de Dan Graham, con\u00e7ue d\u00e8s 1988, construite en 2006, tend \u00e0 s&rsquo;effacer dans les barri\u00e8res de s\u00e9curit\u00e9 et dans le manque d&rsquo;entretien. Mais, si on s&rsquo;y attache, elle fonctionne.<\/p>\n","protected":false},"excerpt":{"rendered":"<p>Samedi 25 mars 2017, 16h20, Porte de Versailles, devant le Salon du livre. From Boull\u00e9e to Eternity, l&rsquo;architecture de verre et de reflets de Dan Graham, con\u00e7ue d\u00e8s 1988, construite en 2006, tend \u00e0 s&rsquo;effacer dans les barri\u00e8res de s\u00e9curit\u00e9 et dans le manque d&rsquo;entretien. Mais, si on s&rsquo;y attache, elle fonctionne.<\/p>\n","protected":false},"author":1,"featured_media":0,"comment_status":"closed","ping_status":"closed","sticky":false,"template":"","format":"standard","meta":{"footnotes":""},"categories":[14,10,11],"tags":[353,354,75],"class_list":["post-1705","post","type-post","status-publish","format-standard","hentry","category-disposition","category-notation","category-superposition","tag-dan-graham","tag-reflet","tag-verre"],"_links":{"self":[{"href":"http:\/\/jlggb.net\/blog5\/wp-json\/wp\/v2\/posts\/1705","targetHints":{"allow":["GET"]}}],"collection":[{"href":"http:\/\/jlggb.net\/blog5\/wp-json\/wp\/v2\/posts"}],"about":[{"href":"http:\/\/jlggb.net\/blog5\/wp-json\/wp\/v2\/types\/post"}],"author":[{"embeddable":true,"href":"http:\/\/jlggb.net\/blog5\/wp-json\/wp\/v2\/users\/1"}],"replies":[{"embeddable":true,"href":"http:\/\/jlggb.net\/blog5\/wp-json\/wp\/v2\/comments?post=1705"}],"version-history":[{"count":0,"href":"http:\/\/jlggb.net\/blog5\/wp-json\/wp\/v2\/posts\/1705\/revisions"}],"wp:attachment":[{"href":"http:\/\/jlggb.net\/blog5\/wp-json\/wp\/v2\/media?parent=1705"}],"wp:term":[{"taxonomy":"category","embeddable":true,"href":"http:\/\/jlggb.net\/blog5\/wp-json\/wp\/v2\/categories?post=1705"},{"taxonomy":"post_tag","embeddable":true,"href":"http:\/\/jlggb.net\/blog5\/wp-json\/wp\/v2\/tags?post=1705"}],"curies":[{"name":"wp","href":"https:\/\/api.w.org\/{rel}","templated":true}]}}