{"id":983,"date":"2014-03-28T18:00:05","date_gmt":"2014-03-28T17:00:05","guid":{"rendered":"http:\/\/jlggb.net\/blog4\/?p=983"},"modified":"2014-08-01T16:06:38","modified_gmt":"2014-08-01T14:06:38","slug":"le-monde-des-vivants","status":"publish","type":"post","link":"http:\/\/jlggb.net\/blog4\/?p=983","title":{"rendered":"Le monde des vivants"},"content":{"rendered":"<p><a href=\"http:\/\/jlggb.net\/blog4\/wp-content\/uploads\/2014\/03\/pere-lachaise-28mars2014.jpg\" data-rel=\"lightbox-gallery-1BUZjtBU\" data-imagelightbox=\"0\" data-rl_title=\"\" data-rl_caption=\"\" title=\"\"><img loading=\"lazy\" decoding=\"async\" class=\"alignnone size-full wp-image-984\" src=\"http:\/\/jlggb.net\/blog4\/wp-content\/uploads\/2014\/03\/pere-lachaise-28mars2014.jpg\" alt=\"pere-lachaise-28mars2014\" width=\"640\" height=\"480\" srcset=\"http:\/\/jlggb.net\/blog4\/wp-content\/uploads\/2014\/03\/pere-lachaise-28mars2014.jpg 2000w, http:\/\/jlggb.net\/blog4\/wp-content\/uploads\/2014\/03\/pere-lachaise-28mars2014-200x150.jpg 200w, http:\/\/jlggb.net\/blog4\/wp-content\/uploads\/2014\/03\/pere-lachaise-28mars2014-400x300.jpg 400w, http:\/\/jlggb.net\/blog4\/wp-content\/uploads\/2014\/03\/pere-lachaise-28mars2014-150x112.jpg 150w\" sizes=\"auto, (max-width: 640px) 100vw, 640px\" \/><\/a><br \/>\nVendredi 28 mars 2014, 14h30 \u2014 17h30, cimeti\u00e8re du P\u00e8re Lachaise, salle de la Coupole du cr\u00e9matorium. Jean-Luc Einaudi est mort \u00e0 62 ans. Il a \u00e9t\u00e9 un \u00e9ducateur tr\u00e8s engag\u00e9, attach\u00e9 aux jeunes en difficult\u00e9s dans le cadre du minist\u00e8re de la Justice, mais aussi comme historien. Ses enqu\u00eates, ses livres (<em>La bataille de Paris<\/em>, Le Seuil, 1991, r\u00e9\u00e9dit\u00e9 en 2001), son action, ont eu un r\u00f4le d\u00e9cisif pour faire conna\u00eetre et reconna\u00eetre la r\u00e9pression sanglante des manifestations d\u2019Alg\u00e9riens de la r\u00e9gion parisienne le 17 octobre 1961. En 1998, Maurice Papon, d\u00e9sign\u00e9 comme ordonnateur du massacre, lui intenta un proc\u00e8s en diffamation mais fut d\u00e9bout\u00e9 par la justice. Je me souviens lui avoir parl\u00e9 des photos d&rsquo;octobre 1961 par \u00c9lie Kagan \u2014 que j&rsquo;avais connues par mon ami de lyc\u00e9e et photographe G\u00e9rard-Aim\u00e9 \u2014 et du film <em>Octobre \u00e0 Paris<\/em> de Jacques Panijel \u2014 que je vis malgr\u00e9 son interdiction d\u00e8s sa sortie en 1962 ou 1963.<\/p>\n","protected":false},"excerpt":{"rendered":"<p>Vendredi 28 mars 2014, 14h30 \u2014 17h30, cimeti\u00e8re du P\u00e8re Lachaise, salle de la Coupole du cr\u00e9matorium. Jean-Luc Einaudi est mort \u00e0 62 ans. Il a \u00e9t\u00e9 un \u00e9ducateur tr\u00e8s engag\u00e9, attach\u00e9 aux jeunes en difficult\u00e9s dans le cadre du minist\u00e8re de la Justice, mais aussi comme historien. Ses enqu\u00eates, ses livres (La bataille de &hellip; <a href=\"http:\/\/jlggb.net\/blog4\/?p=983\" class=\"more-link\">Continuer la lecture de <span class=\"screen-reader-text\">Le monde des vivants<\/span><\/a><\/p>\n","protected":false},"author":1,"featured_media":0,"comment_status":"closed","ping_status":"closed","sticky":false,"template":"","format":"standard","meta":{"footnotes":""},"categories":[187,256,96],"tags":[347],"class_list":["post-983","post","type-post","status-publish","format-standard","hentry","category-cinema","category-histoire","category-personne","tag-cimetiere"],"_links":{"self":[{"href":"http:\/\/jlggb.net\/blog4\/index.php?rest_route=\/wp\/v2\/posts\/983","targetHints":{"allow":["GET"]}}],"collection":[{"href":"http:\/\/jlggb.net\/blog4\/index.php?rest_route=\/wp\/v2\/posts"}],"about":[{"href":"http:\/\/jlggb.net\/blog4\/index.php?rest_route=\/wp\/v2\/types\/post"}],"author":[{"embeddable":true,"href":"http:\/\/jlggb.net\/blog4\/index.php?rest_route=\/wp\/v2\/users\/1"}],"replies":[{"embeddable":true,"href":"http:\/\/jlggb.net\/blog4\/index.php?rest_route=%2Fwp%2Fv2%2Fcomments&post=983"}],"version-history":[{"count":0,"href":"http:\/\/jlggb.net\/blog4\/index.php?rest_route=\/wp\/v2\/posts\/983\/revisions"}],"wp:attachment":[{"href":"http:\/\/jlggb.net\/blog4\/index.php?rest_route=%2Fwp%2Fv2%2Fmedia&parent=983"}],"wp:term":[{"taxonomy":"category","embeddable":true,"href":"http:\/\/jlggb.net\/blog4\/index.php?rest_route=%2Fwp%2Fv2%2Fcategories&post=983"},{"taxonomy":"post_tag","embeddable":true,"href":"http:\/\/jlggb.net\/blog4\/index.php?rest_route=%2Fwp%2Fv2%2Ftags&post=983"}],"curies":[{"name":"wp","href":"https:\/\/api.w.org\/{rel}","templated":true}]}}