{"id":910,"date":"2014-03-16T17:00:25","date_gmt":"2014-03-16T16:00:25","guid":{"rendered":"http:\/\/jlggb.net\/blog4\/?p=910"},"modified":"2014-03-18T12:08:28","modified_gmt":"2014-03-18T11:08:28","slug":"dries-van-noten","status":"publish","type":"post","link":"http:\/\/jlggb.net\/blog4\/?p=910","title":{"rendered":"Dries Van Noten"},"content":{"rendered":"<p><a href=\"http:\/\/jlggb.net\/blog4\/wp-content\/uploads\/2014\/03\/dvn-01.jpg\" data-rel=\"lightbox-gallery-snh2I2lX\" data-imagelightbox=\"0\" data-rl_title=\"\" data-rl_caption=\"\" title=\"\"><img loading=\"lazy\" decoding=\"async\" class=\"alignnone size-full wp-image-911\" alt=\"dvn-01\" src=\"http:\/\/jlggb.net\/blog4\/wp-content\/uploads\/2014\/03\/dvn-01.jpg\" width=\"640\" height=\"480\" \/><\/a><br \/>\n<a href=\"http:\/\/jlggb.net\/blog4\/wp-content\/uploads\/2014\/03\/dvn-02.jpg\" data-rel=\"lightbox-gallery-snh2I2lX\" data-imagelightbox=\"1\" data-rl_title=\"\" data-rl_caption=\"\" title=\"\"><img loading=\"lazy\" decoding=\"async\" class=\"alignnone size-full wp-image-912\" alt=\"dvn-02\" src=\"http:\/\/jlggb.net\/blog4\/wp-content\/uploads\/2014\/03\/dvn-02.jpg\" width=\"640\" height=\"480\" \/><\/a><br \/>\nDimanche 16 mars 2014, 16h \u2014\u00a017h, Les Arts D\u00e9coratifs, Mode et Textile. Premi\u00e8re grande exposition de Dries Van Noten. Ici, des pi\u00e8ces de la collection automne-hiver 2005-2006 et de la collection printemps-\u00e9t\u00e9 2010.<br \/>\nSite de l&rsquo;exposition <a href=\"http:\/\/www.lesartsdecoratifs.fr\/francais\/mode-et-textile\/expositions-70\/actuellement-447\/dries-van-noten-inspirations\/\" target=\"_blank\">Dries Van Noten<\/a>.<\/p>\n","protected":false},"excerpt":{"rendered":"<p>Dimanche 16 mars 2014, 16h \u2014\u00a017h, Les Arts D\u00e9coratifs, Mode et Textile. Premi\u00e8re grande exposition de Dries Van Noten. Ici, des pi\u00e8ces de la collection automne-hiver 2005-2006 et de la collection printemps-\u00e9t\u00e9 2010. Site de l&rsquo;exposition Dries Van Noten.<\/p>\n","protected":false},"author":1,"featured_media":0,"comment_status":"closed","ping_status":"closed","sticky":false,"template":"","format":"standard","meta":{"footnotes":""},"categories":[146,111,122],"tags":[241,242,243],"class_list":["post-910","post","type-post","status-publish","format-standard","hentry","category-design","category-exposition","category-superposition","tag-dries-van-noten","tag-mode","tag-vetement"],"_links":{"self":[{"href":"http:\/\/jlggb.net\/blog4\/index.php?rest_route=\/wp\/v2\/posts\/910","targetHints":{"allow":["GET"]}}],"collection":[{"href":"http:\/\/jlggb.net\/blog4\/index.php?rest_route=\/wp\/v2\/posts"}],"about":[{"href":"http:\/\/jlggb.net\/blog4\/index.php?rest_route=\/wp\/v2\/types\/post"}],"author":[{"embeddable":true,"href":"http:\/\/jlggb.net\/blog4\/index.php?rest_route=\/wp\/v2\/users\/1"}],"replies":[{"embeddable":true,"href":"http:\/\/jlggb.net\/blog4\/index.php?rest_route=%2Fwp%2Fv2%2Fcomments&post=910"}],"version-history":[{"count":0,"href":"http:\/\/jlggb.net\/blog4\/index.php?rest_route=\/wp\/v2\/posts\/910\/revisions"}],"wp:attachment":[{"href":"http:\/\/jlggb.net\/blog4\/index.php?rest_route=%2Fwp%2Fv2%2Fmedia&parent=910"}],"wp:term":[{"taxonomy":"category","embeddable":true,"href":"http:\/\/jlggb.net\/blog4\/index.php?rest_route=%2Fwp%2Fv2%2Fcategories&post=910"},{"taxonomy":"post_tag","embeddable":true,"href":"http:\/\/jlggb.net\/blog4\/index.php?rest_route=%2Fwp%2Fv2%2Ftags&post=910"}],"curies":[{"name":"wp","href":"https:\/\/api.w.org\/{rel}","templated":true}]}}