{"id":861,"date":"2014-03-03T23:00:21","date_gmt":"2014-03-03T22:00:21","guid":{"rendered":"http:\/\/jlggb.net\/blog4\/?p=861"},"modified":"2014-03-07T22:22:58","modified_gmt":"2014-03-07T21:22:58","slug":"alain-resnais","status":"publish","type":"post","link":"http:\/\/jlggb.net\/blog4\/?p=861","title":{"rendered":"Alain Resnais"},"content":{"rendered":"<p><a href=\"http:\/\/jlggb.net\/blog4\/wp-content\/uploads\/2014\/03\/resnais-seyrig.jpg\" data-rel=\"lightbox-gallery-OemGCt2H\" data-imagelightbox=\"0\" data-rl_title=\"\" data-rl_caption=\"\" title=\"\"><img loading=\"lazy\" decoding=\"async\" src=\"http:\/\/jlggb.net\/blog4\/wp-content\/uploads\/2014\/03\/resnais-seyrig.jpg\" alt=\"resnais-seyrig\" width=\"640\" height=\"480\" class=\"alignnone size-full wp-image-863\" \/><\/a><br \/>\nDelphine Seyrig et Alain Resnais, tournage de <em>L&rsquo;Ann\u00e9e derni\u00e8re \u00e0 Marienbad<\/em>, 1960. [Photo dr]<br \/>\nVoir&nbsp;:<br \/>\n\u00ab Actualit\u00e9 d\u2019Alain Resnais \u00a0\u00bb, <a href=\"http:\/\/jlggb.net\/blog\/?p=3393\" target=\"_blank\">http:\/\/jlggb.net\/blog\/?p=3393<\/a><br \/>\n\u00ab Pour aller o\u00f9&nbsp;? \u2014 L\u00e0-bas. \u00bb, <a href=\"http:\/\/jlggb.net\/blog\/?p=6463\" target=\"_blank\">http:\/\/jlggb.net\/blog\/?p=6463<\/a><br \/>\n\u00ab\u00a0Les polypores\u00a0\u00bb, <a href=\"http:\/\/jlggb.net\/blog\/?p=4973\" target=\"_blank\">http:\/\/jlggb.net\/blog\/?p=4973<\/a><br \/>\n\u00ab\u00a0Hiroshima, le livre\u00a0\u00bb, <a href=\"http:\/\/jlggb.net\/blog2\/?p=6035\" target=\"_blank\">http:\/\/jlggb.net\/blog2\/?p=6035<\/a><br \/>\n\u00ab Passage \u00bb, <a href=\"http:\/\/jlggb.net\/blog2\/?p=2872\" target=\"_blank\">http:\/\/jlggb.net\/blog2\/?p=2872<\/a><br \/>\n\u00ab\u00a0Fragment autobiographique n\u00b01bis\u00a0\u00bb, <a href=\"http:\/\/jlggb.net\/blog4\/?p=495\" target=\"_blank\">http:\/\/jlggb.net\/blog4\/?p=495<\/a><br \/>\n\u00ab\u00a0Des archives&nbsp;: 29 janvier 1965\u00a0\u00bb, <a href=\"http:\/\/jlggb.net\/blog4\/?p=541\" target=\"_blank\">http:\/\/jlggb.net\/blog4\/?p=541<\/a><\/p>\n","protected":false},"excerpt":{"rendered":"<p>Delphine Seyrig et Alain Resnais, tournage de L&rsquo;Ann\u00e9e derni\u00e8re \u00e0 Marienbad, 1960. [Photo dr] Voir&nbsp;: \u00ab Actualit\u00e9 d\u2019Alain Resnais \u00a0\u00bb, http:\/\/jlggb.net\/blog\/?p=3393 \u00ab Pour aller o\u00f9&nbsp;? \u2014 L\u00e0-bas. \u00bb, http:\/\/jlggb.net\/blog\/?p=6463 \u00ab\u00a0Les polypores\u00a0\u00bb, http:\/\/jlggb.net\/blog\/?p=4973 \u00ab\u00a0Hiroshima, le livre\u00a0\u00bb, http:\/\/jlggb.net\/blog2\/?p=6035 \u00ab Passage \u00bb, http:\/\/jlggb.net\/blog2\/?p=2872 \u00ab\u00a0Fragment autobiographique n\u00b01bis\u00a0\u00bb, http:\/\/jlggb.net\/blog4\/?p=495 \u00ab\u00a0Des archives&nbsp;: 29 janvier 1965\u00a0\u00bb, http:\/\/jlggb.net\/blog4\/?p=541<\/p>\n","protected":false},"author":1,"featured_media":0,"comment_status":"closed","ping_status":"closed","sticky":false,"template":"","format":"standard","meta":{"footnotes":""},"categories":[187,96],"tags":[229,185],"class_list":["post-861","post","type-post","status-publish","format-standard","hentry","category-cinema","category-personne","tag-alain-resnais","tag-delphine-seyrig"],"_links":{"self":[{"href":"http:\/\/jlggb.net\/blog4\/index.php?rest_route=\/wp\/v2\/posts\/861","targetHints":{"allow":["GET"]}}],"collection":[{"href":"http:\/\/jlggb.net\/blog4\/index.php?rest_route=\/wp\/v2\/posts"}],"about":[{"href":"http:\/\/jlggb.net\/blog4\/index.php?rest_route=\/wp\/v2\/types\/post"}],"author":[{"embeddable":true,"href":"http:\/\/jlggb.net\/blog4\/index.php?rest_route=\/wp\/v2\/users\/1"}],"replies":[{"embeddable":true,"href":"http:\/\/jlggb.net\/blog4\/index.php?rest_route=%2Fwp%2Fv2%2Fcomments&post=861"}],"version-history":[{"count":0,"href":"http:\/\/jlggb.net\/blog4\/index.php?rest_route=\/wp\/v2\/posts\/861\/revisions"}],"wp:attachment":[{"href":"http:\/\/jlggb.net\/blog4\/index.php?rest_route=%2Fwp%2Fv2%2Fmedia&parent=861"}],"wp:term":[{"taxonomy":"category","embeddable":true,"href":"http:\/\/jlggb.net\/blog4\/index.php?rest_route=%2Fwp%2Fv2%2Fcategories&post=861"},{"taxonomy":"post_tag","embeddable":true,"href":"http:\/\/jlggb.net\/blog4\/index.php?rest_route=%2Fwp%2Fv2%2Ftags&post=861"}],"curies":[{"name":"wp","href":"https:\/\/api.w.org\/{rel}","templated":true}]}}