{"id":662,"date":"2014-01-26T17:00:05","date_gmt":"2014-01-26T16:00:05","guid":{"rendered":"http:\/\/jlggb.net\/blog4\/?p=662"},"modified":"2014-02-21T23:43:19","modified_gmt":"2014-02-21T22:43:19","slug":"la-concorde-dimanche-soir","status":"publish","type":"post","link":"http:\/\/jlggb.net\/blog4\/?p=662","title":{"rendered":"La Concorde dimanche soir"},"content":{"rendered":"<p><a href=\"http:\/\/jlggb.net\/blog4\/wp-content\/uploads\/2014\/01\/concorde-soir.jpg\" data-rel=\"lightbox-gallery-7zGpFKuh\" data-imagelightbox=\"0\" data-rl_title=\"\" data-rl_caption=\"\" title=\"\"><img loading=\"lazy\" decoding=\"async\" src=\"http:\/\/jlggb.net\/blog4\/wp-content\/uploads\/2014\/01\/concorde-soir.jpg\" alt=\"concorde-soir\" width=\"640\" height=\"480\" class=\"alignnone size-full wp-image-663\" srcset=\"http:\/\/jlggb.net\/blog4\/wp-content\/uploads\/2014\/01\/concorde-soir.jpg 2000w, http:\/\/jlggb.net\/blog4\/wp-content\/uploads\/2014\/01\/concorde-soir-200x150.jpg 200w, http:\/\/jlggb.net\/blog4\/wp-content\/uploads\/2014\/01\/concorde-soir-400x300.jpg 400w, http:\/\/jlggb.net\/blog4\/wp-content\/uploads\/2014\/01\/concorde-soir-150x112.jpg 150w\" sizes=\"auto, (max-width: 640px) 100vw, 640px\" \/><\/a><br \/>\nDimanche 26 janvier 2014, 17h, Place de la Concorde. Plus loin, la station de m\u00e9tro Champs-\u00c9lys\u00e9es est ferm\u00e9e sur ordre de la Pr\u00e9fecture de police&nbsp;: manifestation en cours nomm\u00e9e \u00ab&nbsp;Jour de col\u00e8re&nbsp;\u00bb, mouvements de protestation disparates, plut\u00f4t d&rsquo;extr\u00eame droite, avec de vrais groupes nazis.<\/p>\n","protected":false},"excerpt":{"rendered":"<p>Dimanche 26 janvier 2014, 17h, Place de la Concorde. Plus loin, la station de m\u00e9tro Champs-\u00c9lys\u00e9es est ferm\u00e9e sur ordre de la Pr\u00e9fecture de police&nbsp;: manifestation en cours nomm\u00e9e \u00ab&nbsp;Jour de col\u00e8re&nbsp;\u00bb, mouvements de protestation disparates, plut\u00f4t d&rsquo;extr\u00eame droite, avec de vrais groupes nazis.<\/p>\n","protected":false},"author":1,"featured_media":0,"comment_status":"closed","ping_status":"closed","sticky":false,"template":"","format":"standard","meta":{"footnotes":""},"categories":[101],"tags":[201],"class_list":["post-662","post","type-post","status-publish","format-standard","hentry","category-notation","tag-place-de-la-concorde"],"_links":{"self":[{"href":"http:\/\/jlggb.net\/blog4\/index.php?rest_route=\/wp\/v2\/posts\/662","targetHints":{"allow":["GET"]}}],"collection":[{"href":"http:\/\/jlggb.net\/blog4\/index.php?rest_route=\/wp\/v2\/posts"}],"about":[{"href":"http:\/\/jlggb.net\/blog4\/index.php?rest_route=\/wp\/v2\/types\/post"}],"author":[{"embeddable":true,"href":"http:\/\/jlggb.net\/blog4\/index.php?rest_route=\/wp\/v2\/users\/1"}],"replies":[{"embeddable":true,"href":"http:\/\/jlggb.net\/blog4\/index.php?rest_route=%2Fwp%2Fv2%2Fcomments&post=662"}],"version-history":[{"count":0,"href":"http:\/\/jlggb.net\/blog4\/index.php?rest_route=\/wp\/v2\/posts\/662\/revisions"}],"wp:attachment":[{"href":"http:\/\/jlggb.net\/blog4\/index.php?rest_route=%2Fwp%2Fv2%2Fmedia&parent=662"}],"wp:term":[{"taxonomy":"category","embeddable":true,"href":"http:\/\/jlggb.net\/blog4\/index.php?rest_route=%2Fwp%2Fv2%2Fcategories&post=662"},{"taxonomy":"post_tag","embeddable":true,"href":"http:\/\/jlggb.net\/blog4\/index.php?rest_route=%2Fwp%2Fv2%2Ftags&post=662"}],"curies":[{"name":"wp","href":"https:\/\/api.w.org\/{rel}","templated":true}]}}