{"id":555,"date":"2014-01-14T23:59:00","date_gmt":"2014-01-14T22:59:00","guid":{"rendered":"http:\/\/jlggb.net\/blog4\/?p=555"},"modified":"2014-03-18T15:23:01","modified_gmt":"2014-03-18T14:23:01","slug":"lage-vie-des-objets-ch-24","status":"publish","type":"post","link":"http:\/\/jlggb.net\/blog4\/?p=555","title":{"rendered":"L\u2019\u00e2ge (Vie des objets. Ch. 24)"},"content":{"rendered":"<p><a href=\"http:\/\/jlggb.net\/blog4\/wp-content\/uploads\/2014\/01\/semflex-standard.jpg\" data-rel=\"lightbox-gallery-vkLACZd6\" data-imagelightbox=\"0\" data-rl_title=\"\" data-rl_caption=\"\" title=\"\"><img loading=\"lazy\" decoding=\"async\" class=\"alignnone size-full wp-image-563\" alt=\"semflex-standard\" src=\"http:\/\/jlggb.net\/blog4\/wp-content\/uploads\/2014\/01\/semflex-standard.jpg\" width=\"640\" height=\"480\" \/><\/a><br \/>\nMardi 14 janvier 2014, 23h59, Aix-les-Bains. Achet\u00e9 \u00e0 Valence en juillet 1959, cet appareil photographique 6&#215;6 reflex \u00e0 deux objectifs Semflex Standard objectif Som Berthiot 4,5\/75 type 4 avait \u00e9t\u00e9 fabriqu\u00e9 par la Soci\u00e9t\u00e9 des \u00e9tablissements modernes de m\u00e9caniques \u00e0 Aurec, Haute Loire, cr\u00e9\u00e9e en 1948. Son num\u00e9ro est 413345. Utilis\u00e9 entre 1959 et 1964, il est rest\u00e9 inactif depuis. Aujourd&rsquo;hui, l&rsquo;obturateur fonctionne encore, peut-\u00eatre un peu lentement&nbsp;: une certaine oxydation, un peu de grippage m\u00e9canique. Les lentilles sont voil\u00e9es mais pourraient \u00eatre nettoy\u00e9es. Pour fonctionner et enregistrer des clich\u00e9s, il lui faudrait un film format 120. Mais il s&rsquo;est pass\u00e9 tout autre chose que ce qu&rsquo;on imaginait quant \u00e0 son vieillissement&nbsp;: cette pellicule est presque introuvable. Voir \u00ab\u00a0Fragment autobiographique n\u00b01\u00a0\u00bb&nbsp;: <a href=\"http:\/\/jlggb.net\/blog4\/?p=455\" target=\"_blank\">http:\/\/jlggb.net\/blog4\/?p=455<\/a>.<\/p>\n","protected":false},"excerpt":{"rendered":"<p>Mardi 14 janvier 2014, 23h59, Aix-les-Bains. Achet\u00e9 \u00e0 Valence en juillet 1959, cet appareil photographique 6&#215;6 reflex \u00e0 deux objectifs Semflex Standard objectif Som Berthiot 4,5\/75 type 4 avait \u00e9t\u00e9 fabriqu\u00e9 par la Soci\u00e9t\u00e9 des \u00e9tablissements modernes de m\u00e9caniques \u00e0 Aurec, Haute Loire, cr\u00e9\u00e9e en 1948. Son num\u00e9ro est 413345. Utilis\u00e9 entre 1959 et 1964, &hellip; <a href=\"http:\/\/jlggb.net\/blog4\/?p=555\" class=\"more-link\">Continuer la lecture de <span class=\"screen-reader-text\">L\u2019\u00e2ge (Vie des objets. Ch. 24)<\/span><\/a><\/p>\n","protected":false},"author":1,"featured_media":0,"comment_status":"closed","ping_status":"closed","sticky":false,"template":"","format":"standard","meta":{"footnotes":""},"categories":[4,166,145],"tags":[246,595],"class_list":["post-555","post","type-post","status-publish","format-standard","hentry","category-photographie","category-technique","category-vie-des-objets","tag-appareil","tag-photographie"],"_links":{"self":[{"href":"http:\/\/jlggb.net\/blog4\/index.php?rest_route=\/wp\/v2\/posts\/555","targetHints":{"allow":["GET"]}}],"collection":[{"href":"http:\/\/jlggb.net\/blog4\/index.php?rest_route=\/wp\/v2\/posts"}],"about":[{"href":"http:\/\/jlggb.net\/blog4\/index.php?rest_route=\/wp\/v2\/types\/post"}],"author":[{"embeddable":true,"href":"http:\/\/jlggb.net\/blog4\/index.php?rest_route=\/wp\/v2\/users\/1"}],"replies":[{"embeddable":true,"href":"http:\/\/jlggb.net\/blog4\/index.php?rest_route=%2Fwp%2Fv2%2Fcomments&post=555"}],"version-history":[{"count":0,"href":"http:\/\/jlggb.net\/blog4\/index.php?rest_route=\/wp\/v2\/posts\/555\/revisions"}],"wp:attachment":[{"href":"http:\/\/jlggb.net\/blog4\/index.php?rest_route=%2Fwp%2Fv2%2Fmedia&parent=555"}],"wp:term":[{"taxonomy":"category","embeddable":true,"href":"http:\/\/jlggb.net\/blog4\/index.php?rest_route=%2Fwp%2Fv2%2Fcategories&post=555"},{"taxonomy":"post_tag","embeddable":true,"href":"http:\/\/jlggb.net\/blog4\/index.php?rest_route=%2Fwp%2Fv2%2Ftags&post=555"}],"curies":[{"name":"wp","href":"https:\/\/api.w.org\/{rel}","templated":true}]}}