{"id":455,"date":"2014-01-05T23:50:48","date_gmt":"2014-01-05T22:50:48","guid":{"rendered":"http:\/\/jlggb.net\/blog4\/?p=455"},"modified":"2020-09-05T22:35:47","modified_gmt":"2020-09-05T21:35:47","slug":"fragment-autobiographique-1","status":"publish","type":"post","link":"http:\/\/jlggb.net\/blog4\/?p=455","title":{"rendered":"Fragment autobiographique n\u00b01"},"content":{"rendered":"<p><a href=\"http:\/\/jlggb.net\/blog4\/wp-content\/uploads\/2014\/01\/valence-vers-1960.jpg\" data-rel=\"lightbox-gallery-1Yc7byPB\" data-imagelightbox=\"0\" data-rl_title=\"\" data-rl_caption=\"\" title=\"\"><img loading=\"lazy\" decoding=\"async\" class=\"alignnone size-full wp-image-460\" src=\"http:\/\/jlggb.net\/blog4\/wp-content\/uploads\/2014\/01\/valence-vers-1960.jpg\" alt=\"valence vers 1960\" width=\"640\" height=\"640\" srcset=\"http:\/\/jlggb.net\/blog4\/wp-content\/uploads\/2014\/01\/valence-vers-1960.jpg 1966w, http:\/\/jlggb.net\/blog4\/wp-content\/uploads\/2014\/01\/valence-vers-1960-150x150.jpg 150w, http:\/\/jlggb.net\/blog4\/wp-content\/uploads\/2014\/01\/valence-vers-1960-300x300.jpg 300w, http:\/\/jlggb.net\/blog4\/wp-content\/uploads\/2014\/01\/valence-vers-1960-1500x1500.jpg 1500w\" sizes=\"auto, (max-width: 640px) 100vw, 640px\" \/><\/a><br \/>\nDimanche 5 janvier 2014, 23h50, Paris. Dans le num\u00e9ro 18 de la revue <em>Premier plan<\/em> (Lyon) consacr\u00e9 \u00e0 Alain Resnais, achet\u00e9 le 2 novembre 1963, probablement \u00e0 Grenoble, je trouve le n\u00e9gatif 6&#215;6 d&rsquo;une photographie faite dans le jardin de Valence, quartier Ch\u00e2teauvert, probablement en 1960 et jamais tir\u00e9e sur papier. Le bouleau et les cypr\u00e8s bleus de l&rsquo;Arizona qui sont \u00e0 l&rsquo;arri\u00e8re-plan ont \u00e9t\u00e9 plant\u00e9s par mon p\u00e8re en 1956. L&rsquo;appareil utilis\u00e9 est un Semflex Standard f4.5 reflex \u00e0 double objectif, avec lequel j&rsquo;ai v\u00e9ritablement commenc\u00e9 \u00e0 photographier en 1959. Mes premi\u00e8res photos avaient \u00e9t\u00e9 faites avec le box Zeiss Ikon de ma m\u00e8re en 1958. Je d\u00e9veloppais la pellicule et je pr\u00e9parais moi-m\u00eame r\u00e9v\u00e9lateur et fixateur avec des produits achet\u00e9s en droguerie, d&rsquo;apr\u00e8s le livre d&rsquo;Alphonse-Henri Cuisinier, <em>Le\u00e7ons de photographie<\/em>, aux \u00e9ditions Paul Montel. Pour les tirages, j&rsquo;avais construit un agrandisseur \u00e0 partir d&rsquo;un appareil folding \u00e0 plaque 9&#215;12 Voigtlander achet\u00e9 chez un brocanteur et d&rsquo;un condenseur optique command\u00e9 \u00e0 Paris. Les ann\u00e9es suivantes, j&rsquo;ai travaill\u00e9 deux \u00e9t\u00e9s et appris pas mal de choses chez un photographe de Valence, Michel Sarles, qui avait fr\u00e9quent\u00e9 l&rsquo;\u00e9cole de photographie de la rue Vaugirard \u00e0 Paris pour prendre la succession d&rsquo;une vieille maison situ\u00e9e au 24 avenue Victor Hugo, le studio Jacquin. Il devait s&rsquo;installer plus tard \u00e0 Grenoble, pr\u00e8s de la gare. L&#8217;emplacement est aujourd&rsquo;hui occup\u00e9 par le photographe Deval, qui \u00e9tait \u00e0 l&rsquo;\u00e9poque dans la m\u00eame rue, mais en face. Ce qui \u00e9tait frappant, c&rsquo;est que l&rsquo;immeuble entier, \u00e9troit et de style Art D\u00e9co, qui donnait aussi sur la place derri\u00e8re, \u00e9tait enti\u00e8rement consacr\u00e9 \u00e0 l&rsquo;activit\u00e9 du photographe&nbsp;: le magasin au rez-de-chauss\u00e9e, le laboratoire au sous-sol, le studio au premier \u00e9tage, la finition au deuxi\u00e8me, le logement au troisi\u00e8me.<br \/>\nCe qui est \u00e9trange, c&rsquo;est que cet ouvrage sur Resnais, tel que je l&rsquo;ouvre aujourd&rsquo;hui, contient aussi un imprim\u00e9 de convocation au concours de la section photographie du Lyc\u00e9e technique de photographie et de cin\u00e9ma, connue sous le nom de Vaugirard, qui est aujourd&rsquo;hui l&rsquo;\u00c9cole nationale sup\u00e9rieure Louis Lumi\u00e8re. Je d\u00e9sirais s\u00e9rieusement y entrer et je crois que j&rsquo;y fus admissible sur titre en 1964. Je consid\u00e9rais que cette voie technique m&rsquo;\u00e9tait plus adapt\u00e9e et plus accessible. Je visais cependant le cin\u00e9ma plus que la photographie mais on me disait que l&rsquo;\u00e9cole de cin\u00e9ma, l&rsquo;IDHEC, \u00e9tait r\u00e9serv\u00e9e aux litt\u00e9raires. Je savais en outre que Jacques Demy, comme\u00a0 le chef op\u00e9rateur Ghislain Cloquet que j&rsquo;admirais pour son travail chez Resnais et Marker, en sortaient. En 1979 et dans les ann\u00e9es 80, j&rsquo;ai travaill\u00e9 \u00e0 plusieurs projets avec Fran\u00e7oise Saur, photographe, prix Ni\u00e9pce 1979, qui est dipl\u00f4m\u00e9e de cette \u00e9cole.<br \/>\nUne remarque sur le mat\u00e9riel du concours de Vaugirard. \u00c9preuves \u00e9crites&nbsp;: stylo, crayon, compas. \u00c9preuves pratiques&nbsp;: 3 crayons (dur, demi-dur, tendre); 2 feuilles de papier blanc fort bien planes ou bristol lisse format 21&#215;27 cm; 1 r\u00e9glette \u00e0 dessin gradu\u00e9e. Pour la section cin\u00e9ma et son, il n&rsquo;est pas question non plus de photo, d&rsquo;enregistrement ou du traitement des images, \u00e0 part la photo qui doit figurer sur la pi\u00e8ce d&rsquo;identit\u00e9.<br \/>\nUne remarque sur la photo d&rsquo;arbres&nbsp;: elle est centr\u00e9e sur le tronc, ce que je continue \u00e0 faire ici. Le pli du formulaire vient lui aussi contribuer \u00e0 l&rsquo;axe vertical du blog. Cette ligne est comme la reliure de l&rsquo;<em>album<\/em>.<br \/>\n<span style=\"color: #ffffff;\">&#8211;<\/span><br \/>\n<a href=\"http:\/\/jlggb.net\/blog4\/wp-content\/uploads\/2014\/01\/ltpc-formulaire.jpg\" data-rel=\"lightbox-gallery-1Yc7byPB\" data-imagelightbox=\"1\" data-rl_title=\"\" data-rl_caption=\"\" title=\"\"><img loading=\"lazy\" decoding=\"async\" class=\"alignnone size-full wp-image-470\" src=\"http:\/\/jlggb.net\/blog4\/wp-content\/uploads\/2014\/01\/ltpc-formulaire.jpg\" alt=\"ltpc formulaire\" width=\"640\" height=\"480\" \/><\/a><\/p>\n","protected":false},"excerpt":{"rendered":"<p>Dimanche 5 janvier 2014, 23h50, Paris. Dans le num\u00e9ro 18 de la revue Premier plan (Lyon) consacr\u00e9 \u00e0 Alain Resnais, achet\u00e9 le 2 novembre 1963, probablement \u00e0 Grenoble, je trouve le n\u00e9gatif 6&#215;6 d&rsquo;une photographie faite dans le jardin de Valence, quartier Ch\u00e2teauvert, probablement en 1960 et jamais tir\u00e9e sur papier. Le bouleau et les &hellip; <a href=\"http:\/\/jlggb.net\/blog4\/?p=455\" class=\"more-link\">Continuer la lecture de <span class=\"screen-reader-text\">Fragment autobiographique n\u00b01<\/span><\/a><\/p>\n","protected":false},"author":1,"featured_media":0,"comment_status":"closed","ping_status":"closed","sticky":false,"template":"","format":"standard","meta":{"footnotes":""},"categories":[176,4,8],"tags":[595,247,248],"class_list":["post-455","post","type-post","status-publish","format-standard","hentry","category-autobiographie","category-photographie","category-plantes","tag-photographie","tag-souvenir","tag-valence"],"_links":{"self":[{"href":"http:\/\/jlggb.net\/blog4\/index.php?rest_route=\/wp\/v2\/posts\/455","targetHints":{"allow":["GET"]}}],"collection":[{"href":"http:\/\/jlggb.net\/blog4\/index.php?rest_route=\/wp\/v2\/posts"}],"about":[{"href":"http:\/\/jlggb.net\/blog4\/index.php?rest_route=\/wp\/v2\/types\/post"}],"author":[{"embeddable":true,"href":"http:\/\/jlggb.net\/blog4\/index.php?rest_route=\/wp\/v2\/users\/1"}],"replies":[{"embeddable":true,"href":"http:\/\/jlggb.net\/blog4\/index.php?rest_route=%2Fwp%2Fv2%2Fcomments&post=455"}],"version-history":[{"count":2,"href":"http:\/\/jlggb.net\/blog4\/index.php?rest_route=\/wp\/v2\/posts\/455\/revisions"}],"predecessor-version":[{"id":3880,"href":"http:\/\/jlggb.net\/blog4\/index.php?rest_route=\/wp\/v2\/posts\/455\/revisions\/3880"}],"wp:attachment":[{"href":"http:\/\/jlggb.net\/blog4\/index.php?rest_route=%2Fwp%2Fv2%2Fmedia&parent=455"}],"wp:term":[{"taxonomy":"category","embeddable":true,"href":"http:\/\/jlggb.net\/blog4\/index.php?rest_route=%2Fwp%2Fv2%2Fcategories&post=455"},{"taxonomy":"post_tag","embeddable":true,"href":"http:\/\/jlggb.net\/blog4\/index.php?rest_route=%2Fwp%2Fv2%2Ftags&post=455"}],"curies":[{"name":"wp","href":"https:\/\/api.w.org\/{rel}","templated":true}]}}