{"id":3736,"date":"2015-10-26T12:00:26","date_gmt":"2015-10-26T11:00:26","guid":{"rendered":"http:\/\/jlggb.net\/blog4\/?p=3736"},"modified":"2015-11-19T21:54:26","modified_gmt":"2015-11-19T20:54:26","slug":"dualite-bichromique","status":"publish","type":"post","link":"http:\/\/jlggb.net\/blog4\/?p=3736","title":{"rendered":"Dualit\u00e9 bichromique"},"content":{"rendered":"<p><a href=\"http:\/\/jlggb.net\/blog4\/wp-content\/uploads\/2015\/11\/arbres-facade-couleurs-2015.jpg\" data-rel=\"lightbox-gallery-qmCIsfAy\" data-imagelightbox=\"0\" data-rl_title=\"\" data-rl_caption=\"\" title=\"\"><img loading=\"lazy\" decoding=\"async\" class=\"size-full wp-image-3737\" src=\"http:\/\/jlggb.net\/blog4\/wp-content\/uploads\/2015\/11\/arbres-facade-couleurs-2015.jpg\" alt=\"OLYMPUS DIGITAL CAMERA\" width=\"640\" height=\"480\" srcset=\"http:\/\/jlggb.net\/blog4\/wp-content\/uploads\/2015\/11\/arbres-facade-couleurs-2015.jpg 2000w, http:\/\/jlggb.net\/blog4\/wp-content\/uploads\/2015\/11\/arbres-facade-couleurs-2015-200x150.jpg 200w, http:\/\/jlggb.net\/blog4\/wp-content\/uploads\/2015\/11\/arbres-facade-couleurs-2015-400x300.jpg 400w, http:\/\/jlggb.net\/blog4\/wp-content\/uploads\/2015\/11\/arbres-facade-couleurs-2015-150x113.jpg 150w\" sizes=\"auto, (max-width: 640px) 100vw, 640px\" \/><\/a><br \/>\nLundi 26 octobre 2015, 12h, Aix-les-Bains. Vue habituelle mais surprenante bichromie commune aux arbres et aux fa\u00e7ades, qui demande \u00e0 \u00eatre capt\u00e9e dans ses nuances.<\/p>\n","protected":false},"excerpt":{"rendered":"<p>Lundi 26 octobre 2015, 12h, Aix-les-Bains. Vue habituelle mais surprenante bichromie commune aux arbres et aux fa\u00e7ades, qui demande \u00e0 \u00eatre capt\u00e9e dans ses nuances.<\/p>\n","protected":false},"author":1,"featured_media":0,"comment_status":"closed","ping_status":"closed","sticky":false,"template":"","format":"standard","meta":{"footnotes":""},"categories":[142,122],"tags":[361,405],"class_list":["post-3736","post","type-post","status-publish","format-standard","hentry","category-couleur","category-superposition","tag-jaune","tag-vert"],"_links":{"self":[{"href":"http:\/\/jlggb.net\/blog4\/index.php?rest_route=\/wp\/v2\/posts\/3736","targetHints":{"allow":["GET"]}}],"collection":[{"href":"http:\/\/jlggb.net\/blog4\/index.php?rest_route=\/wp\/v2\/posts"}],"about":[{"href":"http:\/\/jlggb.net\/blog4\/index.php?rest_route=\/wp\/v2\/types\/post"}],"author":[{"embeddable":true,"href":"http:\/\/jlggb.net\/blog4\/index.php?rest_route=\/wp\/v2\/users\/1"}],"replies":[{"embeddable":true,"href":"http:\/\/jlggb.net\/blog4\/index.php?rest_route=%2Fwp%2Fv2%2Fcomments&post=3736"}],"version-history":[{"count":3,"href":"http:\/\/jlggb.net\/blog4\/index.php?rest_route=\/wp\/v2\/posts\/3736\/revisions"}],"predecessor-version":[{"id":3740,"href":"http:\/\/jlggb.net\/blog4\/index.php?rest_route=\/wp\/v2\/posts\/3736\/revisions\/3740"}],"wp:attachment":[{"href":"http:\/\/jlggb.net\/blog4\/index.php?rest_route=%2Fwp%2Fv2%2Fmedia&parent=3736"}],"wp:term":[{"taxonomy":"category","embeddable":true,"href":"http:\/\/jlggb.net\/blog4\/index.php?rest_route=%2Fwp%2Fv2%2Fcategories&post=3736"},{"taxonomy":"post_tag","embeddable":true,"href":"http:\/\/jlggb.net\/blog4\/index.php?rest_route=%2Fwp%2Fv2%2Ftags&post=3736"}],"curies":[{"name":"wp","href":"https:\/\/api.w.org\/{rel}","templated":true}]}}