{"id":3723,"date":"2015-11-18T13:30:14","date_gmt":"2015-11-18T12:30:14","guid":{"rendered":"http:\/\/jlggb.net\/blog4\/?p=3723"},"modified":"2015-11-21T21:38:03","modified_gmt":"2015-11-21T20:38:03","slug":"stabilite","status":"publish","type":"post","link":"http:\/\/jlggb.net\/blog4\/?p=3723","title":{"rendered":"Stabilit\u00e9"},"content":{"rendered":"<p><a href=\"http:\/\/jlggb.net\/blog4\/wp-content\/uploads\/2015\/11\/pompidou-calder-police-2015.jpg\" data-rel=\"lightbox-gallery-22771O7o\" data-imagelightbox=\"0\" data-rl_title=\"\" data-rl_caption=\"\" title=\"\"><img loading=\"lazy\" decoding=\"async\" class=\"alignnone size-full wp-image-3724\" src=\"http:\/\/jlggb.net\/blog4\/wp-content\/uploads\/2015\/11\/pompidou-calder-police-2015.jpg\" alt=\"pompidou calder police 2015\" width=\"640\" height=\"480\" srcset=\"http:\/\/jlggb.net\/blog4\/wp-content\/uploads\/2015\/11\/pompidou-calder-police-2015.jpg 2000w, http:\/\/jlggb.net\/blog4\/wp-content\/uploads\/2015\/11\/pompidou-calder-police-2015-200x150.jpg 200w, http:\/\/jlggb.net\/blog4\/wp-content\/uploads\/2015\/11\/pompidou-calder-police-2015-400x300.jpg 400w, http:\/\/jlggb.net\/blog4\/wp-content\/uploads\/2015\/11\/pompidou-calder-police-2015-150x113.jpg 150w\" sizes=\"auto, (max-width: 640px) 100vw, 640px\" \/><\/a><br \/>\nMercredi 18 novembre 2015, 13h30, esplanade du Centre Pompidou, Paris. Le colloque \u00ab Architecture de la m\u00e9moire \u00bb qui devait se tenir aux Archives nationales \u00e0 Saint-Denis s&rsquo;est repli\u00e9 sur la Salle du triangle du Centre Pompidou. Le Calder se nomme <em>Horizontal<\/em> et date de 1974. La police qui contr\u00f4le l&rsquo;entr\u00e9e aujourd&rsquo;hui est peut-\u00eatre prot\u00e9g\u00e9e par ce stabile-mobile. Remarque&nbsp;: Dans un entretien, Renzo Piano dit du Palais de justice de Paris en construction qu&rsquo;il l&rsquo;a con\u00e7u pour qu&rsquo;il \u00ab respire \u00bb. Ici l&rsquo;esplanade a \u00e9t\u00e9 dessin\u00e9e pour inviter \u00ab tout le monde \u00bb \u00e0 entrer. \u00c7a a chang\u00e9.<\/p>\n","protected":false},"excerpt":{"rendered":"<p>Mercredi 18 novembre 2015, 13h30, esplanade du Centre Pompidou, Paris. Le colloque \u00ab Architecture de la m\u00e9moire \u00bb qui devait se tenir aux Archives nationales \u00e0 Saint-Denis s&rsquo;est repli\u00e9 sur la Salle du triangle du Centre Pompidou. Le Calder se nomme Horizontal et date de 1974. La police qui contr\u00f4le l&rsquo;entr\u00e9e aujourd&rsquo;hui est peut-\u00eatre prot\u00e9g\u00e9e &hellip; <a href=\"http:\/\/jlggb.net\/blog4\/?p=3723\" class=\"more-link\">Continuer la lecture de <span class=\"screen-reader-text\">Stabilit\u00e9<\/span><\/a><\/p>\n","protected":false},"author":1,"featured_media":0,"comment_status":"closed","ping_status":"closed","sticky":false,"template":"","format":"standard","meta":{"footnotes":""},"categories":[110,101,122],"tags":[632,206,631,638],"class_list":["post-3723","post","type-post","status-publish","format-standard","hentry","category-architecture","category-notation","category-superposition","tag-calder","tag-centre-pompidou","tag-police","tag-renzo-piano"],"_links":{"self":[{"href":"http:\/\/jlggb.net\/blog4\/index.php?rest_route=\/wp\/v2\/posts\/3723","targetHints":{"allow":["GET"]}}],"collection":[{"href":"http:\/\/jlggb.net\/blog4\/index.php?rest_route=\/wp\/v2\/posts"}],"about":[{"href":"http:\/\/jlggb.net\/blog4\/index.php?rest_route=\/wp\/v2\/types\/post"}],"author":[{"embeddable":true,"href":"http:\/\/jlggb.net\/blog4\/index.php?rest_route=\/wp\/v2\/users\/1"}],"replies":[{"embeddable":true,"href":"http:\/\/jlggb.net\/blog4\/index.php?rest_route=%2Fwp%2Fv2%2Fcomments&post=3723"}],"version-history":[{"count":4,"href":"http:\/\/jlggb.net\/blog4\/index.php?rest_route=\/wp\/v2\/posts\/3723\/revisions"}],"predecessor-version":[{"id":3751,"href":"http:\/\/jlggb.net\/blog4\/index.php?rest_route=\/wp\/v2\/posts\/3723\/revisions\/3751"}],"wp:attachment":[{"href":"http:\/\/jlggb.net\/blog4\/index.php?rest_route=%2Fwp%2Fv2%2Fmedia&parent=3723"}],"wp:term":[{"taxonomy":"category","embeddable":true,"href":"http:\/\/jlggb.net\/blog4\/index.php?rest_route=%2Fwp%2Fv2%2Fcategories&post=3723"},{"taxonomy":"post_tag","embeddable":true,"href":"http:\/\/jlggb.net\/blog4\/index.php?rest_route=%2Fwp%2Fv2%2Ftags&post=3723"}],"curies":[{"name":"wp","href":"https:\/\/api.w.org\/{rel}","templated":true}]}}