{"id":3584,"date":"2015-09-14T18:18:08","date_gmt":"2015-09-14T16:18:08","guid":{"rendered":"http:\/\/jlggb.net\/blog4\/?p=3584"},"modified":"2015-09-18T01:50:34","modified_gmt":"2015-09-17T23:50:34","slug":"un-arc-en-ciel","status":"publish","type":"post","link":"http:\/\/jlggb.net\/blog4\/?p=3584","title":{"rendered":"Un arc-en-ciel"},"content":{"rendered":"<p><a href=\"http:\/\/jlggb.net\/blog4\/wp-content\/uploads\/2015\/09\/pompidou-arc-en-ciel-2015.jpg\" data-rel=\"lightbox-gallery-QVU1x7oU\" data-imagelightbox=\"0\" data-rl_title=\"\" data-rl_caption=\"\" title=\"\"><img loading=\"lazy\" decoding=\"async\" class=\"alignnone size-full wp-image-3585\" src=\"http:\/\/jlggb.net\/blog4\/wp-content\/uploads\/2015\/09\/pompidou-arc-en-ciel-2015.jpg\" alt=\"pompidou arc en ciel 2015\" width=\"640\" height=\"480\" srcset=\"http:\/\/jlggb.net\/blog4\/wp-content\/uploads\/2015\/09\/pompidou-arc-en-ciel-2015.jpg 2000w, http:\/\/jlggb.net\/blog4\/wp-content\/uploads\/2015\/09\/pompidou-arc-en-ciel-2015-200x150.jpg 200w, http:\/\/jlggb.net\/blog4\/wp-content\/uploads\/2015\/09\/pompidou-arc-en-ciel-2015-400x300.jpg 400w, http:\/\/jlggb.net\/blog4\/wp-content\/uploads\/2015\/09\/pompidou-arc-en-ciel-2015-150x113.jpg 150w\" sizes=\"auto, (max-width: 640px) 100vw, 640px\" \/><\/a><br \/>\nLundi 14 septembre 2015, 18h18, Centre Pompidou, Paris. \u0152uvre naturelle pr\u00e9sente durant quelques minutes \u00e0 la verri\u00e8re nord du 5e \u00e9tage&nbsp;: arc-en-ciel des brusques pluies de septembre.<\/p>\n","protected":false},"excerpt":{"rendered":"<p>Lundi 14 septembre 2015, 18h18, Centre Pompidou, Paris. \u0152uvre naturelle pr\u00e9sente durant quelques minutes \u00e0 la verri\u00e8re nord du 5e \u00e9tage&nbsp;: arc-en-ciel des brusques pluies de septembre.<\/p>\n","protected":false},"author":1,"featured_media":0,"comment_status":"closed","ping_status":"closed","sticky":false,"template":"","format":"standard","meta":{"footnotes":""},"categories":[129,98],"tags":[618,616],"class_list":["post-3584","post","type-post","status-publish","format-standard","hentry","category-ciels","category-observation","tag-arc-en-ciel","tag-mnam"],"_links":{"self":[{"href":"http:\/\/jlggb.net\/blog4\/index.php?rest_route=\/wp\/v2\/posts\/3584","targetHints":{"allow":["GET"]}}],"collection":[{"href":"http:\/\/jlggb.net\/blog4\/index.php?rest_route=\/wp\/v2\/posts"}],"about":[{"href":"http:\/\/jlggb.net\/blog4\/index.php?rest_route=\/wp\/v2\/types\/post"}],"author":[{"embeddable":true,"href":"http:\/\/jlggb.net\/blog4\/index.php?rest_route=\/wp\/v2\/users\/1"}],"replies":[{"embeddable":true,"href":"http:\/\/jlggb.net\/blog4\/index.php?rest_route=%2Fwp%2Fv2%2Fcomments&post=3584"}],"version-history":[{"count":1,"href":"http:\/\/jlggb.net\/blog4\/index.php?rest_route=\/wp\/v2\/posts\/3584\/revisions"}],"predecessor-version":[{"id":3586,"href":"http:\/\/jlggb.net\/blog4\/index.php?rest_route=\/wp\/v2\/posts\/3584\/revisions\/3586"}],"wp:attachment":[{"href":"http:\/\/jlggb.net\/blog4\/index.php?rest_route=%2Fwp%2Fv2%2Fmedia&parent=3584"}],"wp:term":[{"taxonomy":"category","embeddable":true,"href":"http:\/\/jlggb.net\/blog4\/index.php?rest_route=%2Fwp%2Fv2%2Fcategories&post=3584"},{"taxonomy":"post_tag","embeddable":true,"href":"http:\/\/jlggb.net\/blog4\/index.php?rest_route=%2Fwp%2Fv2%2Ftags&post=3584"}],"curies":[{"name":"wp","href":"https:\/\/api.w.org\/{rel}","templated":true}]}}