{"id":3564,"date":"2015-09-14T18:30:22","date_gmt":"2015-09-14T16:30:22","guid":{"rendered":"http:\/\/jlggb.net\/blog4\/?p=3564"},"modified":"2025-09-10T23:08:35","modified_gmt":"2025-09-10T22:08:35","slug":"la-rentree","status":"publish","type":"post","link":"http:\/\/jlggb.net\/blog4\/?p=3564","title":{"rendered":"La rentr\u00e9e"},"content":{"rendered":"<p><a href=\"http:\/\/jlggb.net\/blog4\/wp-content\/uploads\/2015\/09\/prouve-chaise-maternelle-2015.jpg\" data-rel=\"lightbox-gallery-YqMRTSPB\" data-imagelightbox=\"0\" data-rl_title=\"\" data-rl_caption=\"\" title=\"\"><img loading=\"lazy\" decoding=\"async\" class=\"alignnone size-full wp-image-3565\" src=\"http:\/\/jlggb.net\/blog4\/wp-content\/uploads\/2015\/09\/prouve-chaise-maternelle-2015.jpg\" alt=\"prouve chaise maternelle 2015\" width=\"640\" height=\"480\" srcset=\"http:\/\/jlggb.net\/blog4\/wp-content\/uploads\/2015\/09\/prouve-chaise-maternelle-2015.jpg 2000w, http:\/\/jlggb.net\/blog4\/wp-content\/uploads\/2015\/09\/prouve-chaise-maternelle-2015-200x150.jpg 200w, http:\/\/jlggb.net\/blog4\/wp-content\/uploads\/2015\/09\/prouve-chaise-maternelle-2015-400x300.jpg 400w, http:\/\/jlggb.net\/blog4\/wp-content\/uploads\/2015\/09\/prouve-chaise-maternelle-2015-150x113.jpg 150w\" sizes=\"auto, (max-width: 640px) 100vw, 640px\" \/><\/a><br \/>\nLundi 14 septembre 2015, 18h30, Paris, Mus\u00e9e national d&rsquo;art moderne. Pour cette rentr\u00e9e je retiens l&rsquo;un de mes objets favoris, une chaise d&rsquo;\u00e9cole&nbsp;: Jean Prouv\u00e9 (1901 &#8211; 1984), <em>Chaise de maternelle<\/em> (n\u00b0805), 1951, t\u00f4le d&rsquo;acier pli\u00e9e et contreplaqu\u00e9 moul\u00e9, don de Simone Prouv\u00e9 2010, num\u00e9ro d&rsquo;inventaire AM 2010-1-191. Elle est encadr\u00e9e par un poteau a\u00e9rateur et un panneau en bois lamell\u00e9-coll\u00e9 de type Rousseau provenant de l&rsquo;\u00e9cole provisoire de Villejuif, BEN M 175, 1956-1957.<br \/>\nVoir le livre d&rsquo;Antonella Tufano, <em>Jean Prouv\u00e9 designer<\/em>, Presses universitaires de Nancy, 2014, <a href=\"http:\/\/www.lcdpu.fr\/livre\/?GCOI=27000100868390\" target=\"_blank\" rel=\"noopener\">ici<\/a>.<\/p>\n","protected":false},"excerpt":{"rendered":"<p>Lundi 14 septembre 2015, 18h30, Paris, Mus\u00e9e national d&rsquo;art moderne. Pour cette rentr\u00e9e je retiens l&rsquo;un de mes objets favoris, une chaise d&rsquo;\u00e9cole&nbsp;: Jean Prouv\u00e9 (1901 &#8211; 1984), Chaise de maternelle (n\u00b0805), 1951, t\u00f4le d&rsquo;acier pli\u00e9e et contreplaqu\u00e9 moul\u00e9, don de Simone Prouv\u00e9 2010, num\u00e9ro d&rsquo;inventaire AM 2010-1-191. Elle est encadr\u00e9e par un poteau a\u00e9rateur &hellip; <a href=\"http:\/\/jlggb.net\/blog4\/?p=3564\" class=\"more-link\">Continuer la lecture de <span class=\"screen-reader-text\">La rentr\u00e9e<\/span><\/a><\/p>\n","protected":false},"author":1,"featured_media":0,"comment_status":"closed","ping_status":"closed","sticky":false,"template":"","format":"standard","meta":{"footnotes":""},"categories":[110,146,111],"tags":[15,615,616],"class_list":["post-3564","post","type-post","status-publish","format-standard","hentry","category-architecture","category-design","category-exposition","tag-chaise","tag-jean-prouve","tag-mnam"],"_links":{"self":[{"href":"http:\/\/jlggb.net\/blog4\/index.php?rest_route=\/wp\/v2\/posts\/3564","targetHints":{"allow":["GET"]}}],"collection":[{"href":"http:\/\/jlggb.net\/blog4\/index.php?rest_route=\/wp\/v2\/posts"}],"about":[{"href":"http:\/\/jlggb.net\/blog4\/index.php?rest_route=\/wp\/v2\/types\/post"}],"author":[{"embeddable":true,"href":"http:\/\/jlggb.net\/blog4\/index.php?rest_route=\/wp\/v2\/users\/1"}],"replies":[{"embeddable":true,"href":"http:\/\/jlggb.net\/blog4\/index.php?rest_route=%2Fwp%2Fv2%2Fcomments&post=3564"}],"version-history":[{"count":8,"href":"http:\/\/jlggb.net\/blog4\/index.php?rest_route=\/wp\/v2\/posts\/3564\/revisions"}],"predecessor-version":[{"id":3956,"href":"http:\/\/jlggb.net\/blog4\/index.php?rest_route=\/wp\/v2\/posts\/3564\/revisions\/3956"}],"wp:attachment":[{"href":"http:\/\/jlggb.net\/blog4\/index.php?rest_route=%2Fwp%2Fv2%2Fmedia&parent=3564"}],"wp:term":[{"taxonomy":"category","embeddable":true,"href":"http:\/\/jlggb.net\/blog4\/index.php?rest_route=%2Fwp%2Fv2%2Fcategories&post=3564"},{"taxonomy":"post_tag","embeddable":true,"href":"http:\/\/jlggb.net\/blog4\/index.php?rest_route=%2Fwp%2Fv2%2Ftags&post=3564"}],"curies":[{"name":"wp","href":"https:\/\/api.w.org\/{rel}","templated":true}]}}