{"id":3390,"date":"2015-08-22T14:30:36","date_gmt":"2015-08-22T12:30:36","guid":{"rendered":"http:\/\/jlggb.net\/blog4\/?p=3390"},"modified":"2015-08-26T00:17:54","modified_gmt":"2015-08-25T22:17:54","slug":"la-puissance-de-la-parole","status":"publish","type":"post","link":"http:\/\/jlggb.net\/blog4\/?p=3390","title":{"rendered":"La puissance de la parole"},"content":{"rendered":"<p><a href=\"http:\/\/jlggb.net\/blog4\/wp-content\/uploads\/2015\/08\/orange-paris-11e-2015.jpg\" data-rel=\"lightbox-gallery-2KO95vJm\" data-imagelightbox=\"0\" data-rl_title=\"\" data-rl_caption=\"\" title=\"\"><img loading=\"lazy\" decoding=\"async\" class=\"alignnone size-full wp-image-3386\" src=\"http:\/\/jlggb.net\/blog4\/wp-content\/uploads\/2015\/08\/orange-paris-11e-2015.jpg\" alt=\"orange-paris-11e-2015\" width=\"640\" height=\"480\" srcset=\"http:\/\/jlggb.net\/blog4\/wp-content\/uploads\/2015\/08\/orange-paris-11e-2015.jpg 2000w, http:\/\/jlggb.net\/blog4\/wp-content\/uploads\/2015\/08\/orange-paris-11e-2015-200x150.jpg 200w, http:\/\/jlggb.net\/blog4\/wp-content\/uploads\/2015\/08\/orange-paris-11e-2015-400x300.jpg 400w, http:\/\/jlggb.net\/blog4\/wp-content\/uploads\/2015\/08\/orange-paris-11e-2015-150x113.jpg 150w\" sizes=\"auto, (max-width: 640px) 100vw, 640px\" \/><\/a><br \/>\nSamedi 22 ao\u00fbt 2015, 14h30, Passage Saint-Pierre Amelot, Paris 11e. Dans ce quartier qui fut tr\u00e8s occup\u00e9 par la Poste, ce tr\u00e8s int\u00e9ressant b\u00e2timent de figures de b\u00e9ton moul\u00e9, ann\u00e9es 70. C&rsquo;est un si\u00e8ge de la direction d&rsquo;Orange. Je revois le titre du court-m\u00e9trage que donna Godard en 1988 \u00e0 France-t\u00e9l\u00e9com, <em>La Puissance de la parole<\/em>, librement inspir\u00e9 de la nouvelle d&rsquo;Edgar Poe.<\/p>\n","protected":false},"excerpt":{"rendered":"<p>Samedi 22 ao\u00fbt 2015, 14h30, Passage Saint-Pierre Amelot, Paris 11e. Dans ce quartier qui fut tr\u00e8s occup\u00e9 par la Poste, ce tr\u00e8s int\u00e9ressant b\u00e2timent de figures de b\u00e9ton moul\u00e9, ann\u00e9es 70. C&rsquo;est un si\u00e8ge de la direction d&rsquo;Orange. Je revois le titre du court-m\u00e9trage que donna Godard en 1988 \u00e0 France-t\u00e9l\u00e9com, La Puissance de la &hellip; <a href=\"http:\/\/jlggb.net\/blog4\/?p=3390\" class=\"more-link\">Continuer la lecture de <span class=\"screen-reader-text\">La puissance de la parole<\/span><\/a><\/p>\n","protected":false},"author":1,"featured_media":0,"comment_status":"closed","ping_status":"closed","sticky":false,"template":"","format":"standard","meta":{"footnotes":""},"categories":[110,187,103,212,152],"tags":[545],"class_list":["post-3390","post","type-post","status-publish","format-standard","hentry","category-architecture","category-cinema","category-constatation","category-livre","category-lumiere","tag-jean-luc-godard"],"_links":{"self":[{"href":"http:\/\/jlggb.net\/blog4\/index.php?rest_route=\/wp\/v2\/posts\/3390","targetHints":{"allow":["GET"]}}],"collection":[{"href":"http:\/\/jlggb.net\/blog4\/index.php?rest_route=\/wp\/v2\/posts"}],"about":[{"href":"http:\/\/jlggb.net\/blog4\/index.php?rest_route=\/wp\/v2\/types\/post"}],"author":[{"embeddable":true,"href":"http:\/\/jlggb.net\/blog4\/index.php?rest_route=\/wp\/v2\/users\/1"}],"replies":[{"embeddable":true,"href":"http:\/\/jlggb.net\/blog4\/index.php?rest_route=%2Fwp%2Fv2%2Fcomments&post=3390"}],"version-history":[{"count":4,"href":"http:\/\/jlggb.net\/blog4\/index.php?rest_route=\/wp\/v2\/posts\/3390\/revisions"}],"predecessor-version":[{"id":3395,"href":"http:\/\/jlggb.net\/blog4\/index.php?rest_route=\/wp\/v2\/posts\/3390\/revisions\/3395"}],"wp:attachment":[{"href":"http:\/\/jlggb.net\/blog4\/index.php?rest_route=%2Fwp%2Fv2%2Fmedia&parent=3390"}],"wp:term":[{"taxonomy":"category","embeddable":true,"href":"http:\/\/jlggb.net\/blog4\/index.php?rest_route=%2Fwp%2Fv2%2Fcategories&post=3390"},{"taxonomy":"post_tag","embeddable":true,"href":"http:\/\/jlggb.net\/blog4\/index.php?rest_route=%2Fwp%2Fv2%2Ftags&post=3390"}],"curies":[{"name":"wp","href":"https:\/\/api.w.org\/{rel}","templated":true}]}}