{"id":3301,"date":"2015-07-21T19:40:18","date_gmt":"2015-07-21T17:40:18","guid":{"rendered":"http:\/\/jlggb.net\/blog4\/?p=3301"},"modified":"2015-07-23T03:15:08","modified_gmt":"2015-07-23T01:15:08","slug":"marchepied-cosmologique","status":"publish","type":"post","link":"http:\/\/jlggb.net\/blog4\/?p=3301","title":{"rendered":"Marchepied cosmologique"},"content":{"rendered":"<p><a href=\"http:\/\/jlggb.net\/blog4\/wp-content\/uploads\/2015\/07\/iap-marchepied-2015.jpg\" data-rel=\"lightbox-gallery-9H8nPCtx\" data-imagelightbox=\"0\" data-rl_title=\"\" data-rl_caption=\"\" title=\"\"><img loading=\"lazy\" decoding=\"async\" class=\"alignnone size-full wp-image-3302\" src=\"http:\/\/jlggb.net\/blog4\/wp-content\/uploads\/2015\/07\/iap-marchepied-2015.jpg\" alt=\"iap marchepied 2015\" width=\"640\" height=\"480\" \/><\/a><br \/>\nMardi 21 juillet 2015, 19h 40, Institut d&rsquo;astrophysique de Paris, Boulevard Arago, Paris 14e. Il nous revient que ce marchepied en aluminium \u2014 mobile\u00a0\u2013 a \u00e9t\u00e9 ajout\u00e9 pour l&rsquo;acc\u00e8s \u00e0 la terrasse du deuxi\u00e8me \u00e9tage \u2014 d&rsquo;o\u00f9 l&rsquo;on a une tr\u00e8s belle vue sur l&rsquo;Observatoire \u2014 sur proposition du comit\u00e9 d&rsquo;hygi\u00e8ne et s\u00e9curit\u00e9 et \u00e0 l&rsquo;initiative du directeur adjoint dont le rayonnement de fond cosmologique sur toute la vo\u00fbte c\u00e9leste est la sp\u00e9cialit\u00e9&nbsp;: <a href=\"http:\/\/www.canal-u.tv\/video\/iap\/dernieres_nouvelles_du_rayonnement_fossile_iap.17995\" target=\"_blank\">ici<\/a>.<\/p>\n","protected":false},"excerpt":{"rendered":"<p>Mardi 21 juillet 2015, 19h 40, Institut d&rsquo;astrophysique de Paris, Boulevard Arago, Paris 14e. Il nous revient que ce marchepied en aluminium \u2014 mobile\u00a0\u2013 a \u00e9t\u00e9 ajout\u00e9 pour l&rsquo;acc\u00e8s \u00e0 la terrasse du deuxi\u00e8me \u00e9tage \u2014 d&rsquo;o\u00f9 l&rsquo;on a une tr\u00e8s belle vue sur l&rsquo;Observatoire \u2014 sur proposition du comit\u00e9 d&rsquo;hygi\u00e8ne et s\u00e9curit\u00e9 et \u00e0 &hellip; <a href=\"http:\/\/jlggb.net\/blog4\/?p=3301\" class=\"more-link\">Continuer la lecture de <span class=\"screen-reader-text\">Marchepied cosmologique<\/span><\/a><\/p>\n","protected":false},"author":1,"featured_media":0,"comment_status":"closed","ping_status":"closed","sticky":false,"template":"","format":"standard","meta":{"footnotes":""},"categories":[129,146,152,170],"tags":[586,585],"class_list":["post-3301","post","type-post","status-publish","format-standard","hentry","category-ciels","category-design","category-lumiere","category-science","tag-aluminium","tag-iap"],"_links":{"self":[{"href":"http:\/\/jlggb.net\/blog4\/index.php?rest_route=\/wp\/v2\/posts\/3301","targetHints":{"allow":["GET"]}}],"collection":[{"href":"http:\/\/jlggb.net\/blog4\/index.php?rest_route=\/wp\/v2\/posts"}],"about":[{"href":"http:\/\/jlggb.net\/blog4\/index.php?rest_route=\/wp\/v2\/types\/post"}],"author":[{"embeddable":true,"href":"http:\/\/jlggb.net\/blog4\/index.php?rest_route=\/wp\/v2\/users\/1"}],"replies":[{"embeddable":true,"href":"http:\/\/jlggb.net\/blog4\/index.php?rest_route=%2Fwp%2Fv2%2Fcomments&post=3301"}],"version-history":[{"count":6,"href":"http:\/\/jlggb.net\/blog4\/index.php?rest_route=\/wp\/v2\/posts\/3301\/revisions"}],"predecessor-version":[{"id":3312,"href":"http:\/\/jlggb.net\/blog4\/index.php?rest_route=\/wp\/v2\/posts\/3301\/revisions\/3312"}],"wp:attachment":[{"href":"http:\/\/jlggb.net\/blog4\/index.php?rest_route=%2Fwp%2Fv2%2Fmedia&parent=3301"}],"wp:term":[{"taxonomy":"category","embeddable":true,"href":"http:\/\/jlggb.net\/blog4\/index.php?rest_route=%2Fwp%2Fv2%2Fcategories&post=3301"},{"taxonomy":"post_tag","embeddable":true,"href":"http:\/\/jlggb.net\/blog4\/index.php?rest_route=%2Fwp%2Fv2%2Ftags&post=3301"}],"curies":[{"name":"wp","href":"https:\/\/api.w.org\/{rel}","templated":true}]}}