{"id":3239,"date":"2015-06-10T00:01:26","date_gmt":"2015-06-09T22:01:26","guid":{"rendered":"http:\/\/jlggb.net\/blog4\/?p=3239"},"modified":"2015-06-21T00:42:26","modified_gmt":"2015-06-20T22:42:26","slug":"le-numero-15-de-la-couleur-des-jours","status":"publish","type":"post","link":"http:\/\/jlggb.net\/blog4\/?p=3239","title":{"rendered":"Le num\u00e9ro 15 de La Couleur des jours"},"content":{"rendered":"<p><a href=\"http:\/\/jlggb.net\/blog4\/wp-content\/uploads\/2015\/06\/cdj15_jlggb_blog.jpg\" data-rel=\"lightbox-gallery-PifSUDUX\" data-imagelightbox=\"0\" data-rl_title=\"\" data-rl_caption=\"\" title=\"\"><img loading=\"lazy\" decoding=\"async\" class=\"alignnone wp-image-3240\" src=\"http:\/\/jlggb.net\/blog4\/wp-content\/uploads\/2015\/06\/cdj15_jlggb_blog.jpg\" alt=\"cdj15_09_chroniques__\" width=\"640\" height=\"1053\" srcset=\"http:\/\/jlggb.net\/blog4\/wp-content\/uploads\/2015\/06\/cdj15_jlggb_blog.jpg 1136w, http:\/\/jlggb.net\/blog4\/wp-content\/uploads\/2015\/06\/cdj15_jlggb_blog-91x150.jpg 91w, http:\/\/jlggb.net\/blog4\/wp-content\/uploads\/2015\/06\/cdj15_jlggb_blog-182x300.jpg 182w, http:\/\/jlggb.net\/blog4\/wp-content\/uploads\/2015\/06\/cdj15_jlggb_blog-912x1500.jpg 912w\" sizes=\"auto, (max-width: 640px) 100vw, 640px\" \/><\/a><\/p>\n<p>&nbsp;<\/p>\n<p>Parution du num\u00e9ro 15 de <em>La Couleur des jours<\/em>, \u00e9t\u00e9 2015, <a href=\"http:\/\/www.lacouleurdesjours.ch\/\" target=\"_blank\">http:\/\/www.lacouleurdesjours.ch\/<\/a>, avec la rubrique \u00ab De l\u2019album de jlggb \u00bb.<\/p>\n","protected":false},"excerpt":{"rendered":"<p>&nbsp; Parution du num\u00e9ro 15 de La Couleur des jours, \u00e9t\u00e9 2015, http:\/\/www.lacouleurdesjours.ch\/, avec la rubrique \u00ab De l\u2019album de jlggb \u00bb.<\/p>\n","protected":false},"author":1,"featured_media":0,"comment_status":"closed","ping_status":"closed","sticky":false,"template":"","format":"standard","meta":{"footnotes":""},"categories":[2],"tags":[114],"class_list":["post-3239","post","type-post","status-publish","format-standard","hentry","category-ce-blog","tag-la-couleur-des-jours"],"_links":{"self":[{"href":"http:\/\/jlggb.net\/blog4\/index.php?rest_route=\/wp\/v2\/posts\/3239","targetHints":{"allow":["GET"]}}],"collection":[{"href":"http:\/\/jlggb.net\/blog4\/index.php?rest_route=\/wp\/v2\/posts"}],"about":[{"href":"http:\/\/jlggb.net\/blog4\/index.php?rest_route=\/wp\/v2\/types\/post"}],"author":[{"embeddable":true,"href":"http:\/\/jlggb.net\/blog4\/index.php?rest_route=\/wp\/v2\/users\/1"}],"replies":[{"embeddable":true,"href":"http:\/\/jlggb.net\/blog4\/index.php?rest_route=%2Fwp%2Fv2%2Fcomments&post=3239"}],"version-history":[{"count":1,"href":"http:\/\/jlggb.net\/blog4\/index.php?rest_route=\/wp\/v2\/posts\/3239\/revisions"}],"predecessor-version":[{"id":3241,"href":"http:\/\/jlggb.net\/blog4\/index.php?rest_route=\/wp\/v2\/posts\/3239\/revisions\/3241"}],"wp:attachment":[{"href":"http:\/\/jlggb.net\/blog4\/index.php?rest_route=%2Fwp%2Fv2%2Fmedia&parent=3239"}],"wp:term":[{"taxonomy":"category","embeddable":true,"href":"http:\/\/jlggb.net\/blog4\/index.php?rest_route=%2Fwp%2Fv2%2Fcategories&post=3239"},{"taxonomy":"post_tag","embeddable":true,"href":"http:\/\/jlggb.net\/blog4\/index.php?rest_route=%2Fwp%2Fv2%2Ftags&post=3239"}],"curies":[{"name":"wp","href":"https:\/\/api.w.org\/{rel}","templated":true}]}}