{"id":3189,"date":"2015-05-17T17:30:40","date_gmt":"2015-05-17T15:30:40","guid":{"rendered":"http:\/\/jlggb.net\/blog4\/?p=3189"},"modified":"2015-05-19T23:54:02","modified_gmt":"2015-05-19T21:54:02","slug":"barthes-imprime-sur-un-tres-long-rideau","status":"publish","type":"post","link":"http:\/\/jlggb.net\/blog4\/?p=3189","title":{"rendered":"Barthes imprim\u00e9 sur un tr\u00e8s long rideau"},"content":{"rendered":"<p><a href=\"http:\/\/jlggb.net\/blog4\/wp-content\/uploads\/2015\/05\/barthes-brecht-ds-bnf-2015.jpg\" data-rel=\"lightbox-gallery-OjsGoWVd\" data-imagelightbox=\"0\" data-rl_title=\"\" data-rl_caption=\"\" title=\"\"><img loading=\"lazy\" decoding=\"async\" class=\"alignnone size-full wp-image-3191\" src=\"http:\/\/jlggb.net\/blog4\/wp-content\/uploads\/2015\/05\/barthes-brecht-ds-bnf-2015.jpg\" alt=\"barthes brecht ds bnf 2015\" width=\"640\" height=\"480\" srcset=\"http:\/\/jlggb.net\/blog4\/wp-content\/uploads\/2015\/05\/barthes-brecht-ds-bnf-2015.jpg 2000w, http:\/\/jlggb.net\/blog4\/wp-content\/uploads\/2015\/05\/barthes-brecht-ds-bnf-2015-200x150.jpg 200w, http:\/\/jlggb.net\/blog4\/wp-content\/uploads\/2015\/05\/barthes-brecht-ds-bnf-2015-400x300.jpg 400w, http:\/\/jlggb.net\/blog4\/wp-content\/uploads\/2015\/05\/barthes-brecht-ds-bnf-2015-150x113.jpg 150w\" sizes=\"auto, (max-width: 640px) 100vw, 640px\" \/><\/a><br \/>\nDimanche 17 mai 2015, 17h, Biblioth\u00e8que nationale de France. Le centenaire de Roland Barthes est marqu\u00e9 par une non-exposition, un tr\u00e8s long panorama imprim\u00e9 en bleu dur sur des voiles qui volent l\u00e9g\u00e8rement, con\u00e7u par l&rsquo;\u00e9crivain \u00c9ric Marty et l&rsquo;architecte Patrick Bouchain. Les citations sont inscrites en quatre tailles de caract\u00e8res, avec par exemple&nbsp;: \u00ab Pour que l&rsquo;\u00e9criture soit manifest\u00e9e dans sa v\u00e9rit\u00e9 (et non dans son instrumentalit\u00e9), il faut qu&rsquo;elle soit illisible\u00a0\u00bb R.B. IV, 347; ou encore&nbsp;: \u00ab Un mur, on le sait, appelle l&rsquo;\u00e9criture&nbsp;: pas un mur dans la ville, sans graffiti\u00a0\u00bb R.B. IV, 309. Au-del\u00e0 de Brecht, tr\u00e8s pr\u00e9sent dans les premiers \u00e9crits, appara\u00eet la DS (60 ans cette ann\u00e9e), figure marquante de <em>Mythologies<\/em> (1957).<\/p>\n","protected":false},"excerpt":{"rendered":"<p>Dimanche 17 mai 2015, 17h, Biblioth\u00e8que nationale de France. Le centenaire de Roland Barthes est marqu\u00e9 par une non-exposition, un tr\u00e8s long panorama imprim\u00e9 en bleu dur sur des voiles qui volent l\u00e9g\u00e8rement, con\u00e7u par l&rsquo;\u00e9crivain \u00c9ric Marty et l&rsquo;architecte Patrick Bouchain. Les citations sont inscrites en quatre tailles de caract\u00e8res, avec par exemple&nbsp;: \u00ab &hellip; <a href=\"http:\/\/jlggb.net\/blog4\/?p=3189\" class=\"more-link\">Continuer la lecture de <span class=\"screen-reader-text\">Barthes imprim\u00e9 sur un tr\u00e8s long rideau<\/span><\/a><\/p>\n","protected":false},"author":1,"featured_media":0,"comment_status":"closed","ping_status":"closed","sticky":false,"template":"","format":"standard","meta":{"footnotes":""},"categories":[256,97],"tags":[567,568,82],"class_list":["post-3189","post","type-post","status-publish","format-standard","hentry","category-histoire","category-langage","tag-bertolt-brecht","tag-citroen","tag-roland-barthes"],"_links":{"self":[{"href":"http:\/\/jlggb.net\/blog4\/index.php?rest_route=\/wp\/v2\/posts\/3189","targetHints":{"allow":["GET"]}}],"collection":[{"href":"http:\/\/jlggb.net\/blog4\/index.php?rest_route=\/wp\/v2\/posts"}],"about":[{"href":"http:\/\/jlggb.net\/blog4\/index.php?rest_route=\/wp\/v2\/types\/post"}],"author":[{"embeddable":true,"href":"http:\/\/jlggb.net\/blog4\/index.php?rest_route=\/wp\/v2\/users\/1"}],"replies":[{"embeddable":true,"href":"http:\/\/jlggb.net\/blog4\/index.php?rest_route=%2Fwp%2Fv2%2Fcomments&post=3189"}],"version-history":[{"count":5,"href":"http:\/\/jlggb.net\/blog4\/index.php?rest_route=\/wp\/v2\/posts\/3189\/revisions"}],"predecessor-version":[{"id":3195,"href":"http:\/\/jlggb.net\/blog4\/index.php?rest_route=\/wp\/v2\/posts\/3189\/revisions\/3195"}],"wp:attachment":[{"href":"http:\/\/jlggb.net\/blog4\/index.php?rest_route=%2Fwp%2Fv2%2Fmedia&parent=3189"}],"wp:term":[{"taxonomy":"category","embeddable":true,"href":"http:\/\/jlggb.net\/blog4\/index.php?rest_route=%2Fwp%2Fv2%2Fcategories&post=3189"},{"taxonomy":"post_tag","embeddable":true,"href":"http:\/\/jlggb.net\/blog4\/index.php?rest_route=%2Fwp%2Fv2%2Ftags&post=3189"}],"curies":[{"name":"wp","href":"https:\/\/api.w.org\/{rel}","templated":true}]}}