{"id":3158,"date":"2015-05-10T18:00:05","date_gmt":"2015-05-10T16:00:05","guid":{"rendered":"http:\/\/jlggb.net\/blog4\/?p=3158"},"modified":"2015-05-10T20:24:46","modified_gmt":"2015-05-10T18:24:46","slug":"la-parente-vie-des-objets-ch-35","status":"publish","type":"post","link":"http:\/\/jlggb.net\/blog4\/?p=3158","title":{"rendered":"La parent\u00e9 (Vie des objets. Ch. 35)"},"content":{"rendered":"<p><a href=\"http:\/\/jlggb.net\/blog4\/wp-content\/uploads\/2015\/05\/pot-langenthal-new-2015.jpg\" data-rel=\"lightbox-gallery-XhNRKXGV\" data-imagelightbox=\"0\" data-rl_title=\"\" data-rl_caption=\"\" title=\"\"><img loading=\"lazy\" decoding=\"async\" src=\"http:\/\/jlggb.net\/blog4\/wp-content\/uploads\/2015\/05\/pot-langenthal-new-2015.jpg\"  width=\"640\" height=\"480\" class=\"size-full wp-image-3159\" \/><\/a><br \/>\nDimanche 10 mai 2015, 18h, 93bis. Un tout petit pot \u00e0 lait, ou \u00e0 cr\u00e8me, en porcelaine blanche, 65 mm de haut, 55 mm de diam\u00e8tre. Parent de tant d&rsquo;autres mais esseul\u00e9. Une identit\u00e9 faite de petits manques. Ressemblance marquante avec la cafeti\u00e8re classique Melitta, par son haut en lignes horizontales. Des Melitta ne furent-elles pas fabriqu\u00e9es \u00e0 Langenthal&nbsp;? Le blason \u00ab Suisse Langenthal 39 \u00bb figure fi\u00e8rement en dessous, avec le tr\u00e8s discret \u00ab 794\/0 \u00bb. Milchkrug d&rsquo;un certain \u00e2ge donc puisque l\u2019unique manufacture de porcelaine suisse du XXe si\u00e8cle a \u00e9t\u00e9 \u00ab\u00a0d\u00e9localis\u00e9e\u00a0\u00bb en R\u00e9publique tch\u00e8que. Les cousins anglais&nbsp;: <a href=\"http:\/\/jlggb.net\/blog2\/?p=1918\" target=\"_blank\">http:\/\/jlggb.net\/blog2\/?p=1918<\/a><\/p>\n","protected":false},"excerpt":{"rendered":"<p>Dimanche 10 mai 2015, 18h, 93bis. Un tout petit pot \u00e0 lait, ou \u00e0 cr\u00e8me, en porcelaine blanche, 65 mm de haut, 55 mm de diam\u00e8tre. Parent de tant d&rsquo;autres mais esseul\u00e9. Une identit\u00e9 faite de petits manques. Ressemblance marquante avec la cafeti\u00e8re classique Melitta, par son haut en lignes horizontales. Des Melitta ne furent-elles &hellip; <a href=\"http:\/\/jlggb.net\/blog4\/?p=3158\" class=\"more-link\">Continuer la lecture de <span class=\"screen-reader-text\">La parent\u00e9 (Vie des objets. Ch. 35)<\/span><\/a><\/p>\n","protected":false},"author":1,"featured_media":0,"comment_status":"closed","ping_status":"closed","sticky":false,"template":"","format":"standard","meta":{"footnotes":""},"categories":[146,256,145],"tags":[287,505],"class_list":["post-3158","post","type-post","status-publish","format-standard","hentry","category-design","category-histoire","category-vie-des-objets","tag-porcelaine","tag-suisse"],"_links":{"self":[{"href":"http:\/\/jlggb.net\/blog4\/index.php?rest_route=\/wp\/v2\/posts\/3158","targetHints":{"allow":["GET"]}}],"collection":[{"href":"http:\/\/jlggb.net\/blog4\/index.php?rest_route=\/wp\/v2\/posts"}],"about":[{"href":"http:\/\/jlggb.net\/blog4\/index.php?rest_route=\/wp\/v2\/types\/post"}],"author":[{"embeddable":true,"href":"http:\/\/jlggb.net\/blog4\/index.php?rest_route=\/wp\/v2\/users\/1"}],"replies":[{"embeddable":true,"href":"http:\/\/jlggb.net\/blog4\/index.php?rest_route=%2Fwp%2Fv2%2Fcomments&post=3158"}],"version-history":[{"count":11,"href":"http:\/\/jlggb.net\/blog4\/index.php?rest_route=\/wp\/v2\/posts\/3158\/revisions"}],"predecessor-version":[{"id":3174,"href":"http:\/\/jlggb.net\/blog4\/index.php?rest_route=\/wp\/v2\/posts\/3158\/revisions\/3174"}],"wp:attachment":[{"href":"http:\/\/jlggb.net\/blog4\/index.php?rest_route=%2Fwp%2Fv2%2Fmedia&parent=3158"}],"wp:term":[{"taxonomy":"category","embeddable":true,"href":"http:\/\/jlggb.net\/blog4\/index.php?rest_route=%2Fwp%2Fv2%2Fcategories&post=3158"},{"taxonomy":"post_tag","embeddable":true,"href":"http:\/\/jlggb.net\/blog4\/index.php?rest_route=%2Fwp%2Fv2%2Ftags&post=3158"}],"curies":[{"name":"wp","href":"https:\/\/api.w.org\/{rel}","templated":true}]}}