{"id":3106,"date":"2015-04-28T19:19:38","date_gmt":"2015-04-28T17:19:38","guid":{"rendered":"http:\/\/jlggb.net\/blog4\/?p=3106"},"modified":"2015-05-01T20:15:16","modified_gmt":"2015-05-01T18:15:16","slug":"3106","status":"publish","type":"post","link":"http:\/\/jlggb.net\/blog4\/?p=3106","title":{"rendered":"Augenblick"},"content":{"rendered":"<p><a href=\"http:\/\/jlggb.net\/blog4\/wp-content\/uploads\/2015\/04\/lac-du-bourget-tgv-28-04-2015.jpg\" data-rel=\"lightbox-gallery-fKUyqzsh\" data-imagelightbox=\"0\" data-rl_title=\"\" data-rl_caption=\"\" title=\"\"><img loading=\"lazy\" decoding=\"async\" src=\"http:\/\/jlggb.net\/blog4\/wp-content\/uploads\/2015\/04\/lac-du-bourget-tgv-28-04-2015.jpg\" alt=\"lac-du-bourget-tgv-28-04-2015\" width=\"640\" height=\"480\" class=\"alignnone size-full wp-image-3110\" srcset=\"http:\/\/jlggb.net\/blog4\/wp-content\/uploads\/2015\/04\/lac-du-bourget-tgv-28-04-2015.jpg 2000w, http:\/\/jlggb.net\/blog4\/wp-content\/uploads\/2015\/04\/lac-du-bourget-tgv-28-04-2015-200x150.jpg 200w, http:\/\/jlggb.net\/blog4\/wp-content\/uploads\/2015\/04\/lac-du-bourget-tgv-28-04-2015-400x300.jpg 400w, http:\/\/jlggb.net\/blog4\/wp-content\/uploads\/2015\/04\/lac-du-bourget-tgv-28-04-2015-150x113.jpg 150w\" sizes=\"auto, (max-width: 640px) 100vw, 640px\" \/><\/a><br \/>\nMardi 28 avril 2015, 19h19, Lac du Bourget depuis le TGV vers Paris. Pourquoi ce que l&rsquo;on voit d&rsquo;un train, et plus encore, ce que l&rsquo;on photographie, porte le sentiment amplifi\u00e9 d&rsquo;une date, d&rsquo;un instant. C&rsquo;est que cet <em>Augenblick<\/em> r\u00e9sulte d&rsquo;un temps inscrit g\u00e9om\u00e9triquement dans l&rsquo;espace, par une montre qui est le train.<br \/>\nUn pr\u00e9c\u00e9dent&nbsp;: <a href=\"http:\/\/jlggb.net\/blog3\/?p=4213\" target=\"_blank\">http:\/\/jlggb.net\/blog3\/?p=4213<\/a><\/p>\n","protected":false},"excerpt":{"rendered":"<p>Mardi 28 avril 2015, 19h19, Lac du Bourget depuis le TGV vers Paris. Pourquoi ce que l&rsquo;on voit d&rsquo;un train, et plus encore, ce que l&rsquo;on photographie, porte le sentiment amplifi\u00e9 d&rsquo;une date, d&rsquo;un instant. C&rsquo;est que cet Augenblick r\u00e9sulte d&rsquo;un temps inscrit g\u00e9om\u00e9triquement dans l&rsquo;espace, par une montre qui est le train. Un pr\u00e9c\u00e9dent&nbsp;: &hellip; <a href=\"http:\/\/jlggb.net\/blog4\/?p=3106\" class=\"more-link\">Continuer la lecture de <span class=\"screen-reader-text\">Augenblick<\/span><\/a><\/p>\n","protected":false},"author":1,"featured_media":0,"comment_status":"closed","ping_status":"closed","sticky":false,"template":"","format":"standard","meta":{"footnotes":""},"categories":[275,101,486,102],"tags":[230,188],"class_list":["post-3106","post","type-post","status-publish","format-standard","hentry","category-lieu","category-notation","category-reperage","category-transport","tag-lac-du-bourget","tag-tgv"],"_links":{"self":[{"href":"http:\/\/jlggb.net\/blog4\/index.php?rest_route=\/wp\/v2\/posts\/3106","targetHints":{"allow":["GET"]}}],"collection":[{"href":"http:\/\/jlggb.net\/blog4\/index.php?rest_route=\/wp\/v2\/posts"}],"about":[{"href":"http:\/\/jlggb.net\/blog4\/index.php?rest_route=\/wp\/v2\/types\/post"}],"author":[{"embeddable":true,"href":"http:\/\/jlggb.net\/blog4\/index.php?rest_route=\/wp\/v2\/users\/1"}],"replies":[{"embeddable":true,"href":"http:\/\/jlggb.net\/blog4\/index.php?rest_route=%2Fwp%2Fv2%2Fcomments&post=3106"}],"version-history":[{"count":7,"href":"http:\/\/jlggb.net\/blog4\/index.php?rest_route=\/wp\/v2\/posts\/3106\/revisions"}],"predecessor-version":[{"id":3114,"href":"http:\/\/jlggb.net\/blog4\/index.php?rest_route=\/wp\/v2\/posts\/3106\/revisions\/3114"}],"wp:attachment":[{"href":"http:\/\/jlggb.net\/blog4\/index.php?rest_route=%2Fwp%2Fv2%2Fmedia&parent=3106"}],"wp:term":[{"taxonomy":"category","embeddable":true,"href":"http:\/\/jlggb.net\/blog4\/index.php?rest_route=%2Fwp%2Fv2%2Fcategories&post=3106"},{"taxonomy":"post_tag","embeddable":true,"href":"http:\/\/jlggb.net\/blog4\/index.php?rest_route=%2Fwp%2Fv2%2Ftags&post=3106"}],"curies":[{"name":"wp","href":"https:\/\/api.w.org\/{rel}","templated":true}]}}