{"id":2833,"date":"2015-03-06T07:00:41","date_gmt":"2015-03-06T06:00:41","guid":{"rendered":"http:\/\/jlggb.net\/blog4\/?p=2833"},"modified":"2015-03-13T00:26:18","modified_gmt":"2015-03-12T23:26:18","slug":"terrasse-cinetique","status":"publish","type":"post","link":"http:\/\/jlggb.net\/blog4\/?p=2833","title":{"rendered":"Terrasse cin\u00e9tique"},"content":{"rendered":"<p><a href=\"http:\/\/jlggb.net\/blog4\/wp-content\/uploads\/2015\/03\/hotel-cavour-milano-2015.jpg\" data-rel=\"lightbox-gallery-iMMFf2Cj\" data-imagelightbox=\"0\" data-rl_title=\"\" data-rl_caption=\"\" title=\"\"><img loading=\"lazy\" decoding=\"async\" src=\"http:\/\/jlggb.net\/blog4\/wp-content\/uploads\/2015\/03\/hotel-cavour-milano-2015.jpg\" alt=\"hotel cavour milano 2015\" width=\"2000\" height=\"1500\" class=\"alignnone size-full wp-image-2834\" srcset=\"http:\/\/jlggb.net\/blog4\/wp-content\/uploads\/2015\/03\/hotel-cavour-milano-2015.jpg 2000w, http:\/\/jlggb.net\/blog4\/wp-content\/uploads\/2015\/03\/hotel-cavour-milano-2015-200x150.jpg 200w, http:\/\/jlggb.net\/blog4\/wp-content\/uploads\/2015\/03\/hotel-cavour-milano-2015-400x300.jpg 400w, http:\/\/jlggb.net\/blog4\/wp-content\/uploads\/2015\/03\/hotel-cavour-milano-2015-150x113.jpg 150w\" sizes=\"auto, (max-width: 2000px) 100vw, 2000px\" \/><\/a><br \/>\nVendredi 6 mars 2015, 7h, de la fen\u00eatre de la chambre 202 de l&rsquo;h\u00f4tel Cavour, Milan. Au point du jour, le retour de l&rsquo;art cin\u00e9tique fait appara\u00eetre cette architecture des ann\u00e9es soixante.<\/p>\n","protected":false},"excerpt":{"rendered":"<p>Vendredi 6 mars 2015, 7h, de la fen\u00eatre de la chambre 202 de l&rsquo;h\u00f4tel Cavour, Milan. Au point du jour, le retour de l&rsquo;art cin\u00e9tique fait appara\u00eetre cette architecture des ann\u00e9es soixante.<\/p>\n","protected":false},"author":1,"featured_media":0,"comment_status":"closed","ping_status":"closed","sticky":false,"template":"","format":"standard","meta":{"footnotes":""},"categories":[110,254,256,152],"tags":[515],"class_list":["post-2833","post","type-post","status-publish","format-standard","hentry","category-architecture","category-art","category-histoire","category-lumiere","tag-milan"],"_links":{"self":[{"href":"http:\/\/jlggb.net\/blog4\/index.php?rest_route=\/wp\/v2\/posts\/2833","targetHints":{"allow":["GET"]}}],"collection":[{"href":"http:\/\/jlggb.net\/blog4\/index.php?rest_route=\/wp\/v2\/posts"}],"about":[{"href":"http:\/\/jlggb.net\/blog4\/index.php?rest_route=\/wp\/v2\/types\/post"}],"author":[{"embeddable":true,"href":"http:\/\/jlggb.net\/blog4\/index.php?rest_route=\/wp\/v2\/users\/1"}],"replies":[{"embeddable":true,"href":"http:\/\/jlggb.net\/blog4\/index.php?rest_route=%2Fwp%2Fv2%2Fcomments&post=2833"}],"version-history":[{"count":0,"href":"http:\/\/jlggb.net\/blog4\/index.php?rest_route=\/wp\/v2\/posts\/2833\/revisions"}],"wp:attachment":[{"href":"http:\/\/jlggb.net\/blog4\/index.php?rest_route=%2Fwp%2Fv2%2Fmedia&parent=2833"}],"wp:term":[{"taxonomy":"category","embeddable":true,"href":"http:\/\/jlggb.net\/blog4\/index.php?rest_route=%2Fwp%2Fv2%2Fcategories&post=2833"},{"taxonomy":"post_tag","embeddable":true,"href":"http:\/\/jlggb.net\/blog4\/index.php?rest_route=%2Fwp%2Fv2%2Ftags&post=2833"}],"curies":[{"name":"wp","href":"https:\/\/api.w.org\/{rel}","templated":true}]}}