{"id":2630,"date":"2015-01-31T12:30:27","date_gmt":"2015-01-31T11:30:27","guid":{"rendered":"http:\/\/jlggb.net\/blog4\/?p=2630"},"modified":"2015-02-02T11:50:26","modified_gmt":"2015-02-02T10:50:26","slug":"la-neige-en-ville","status":"publish","type":"post","link":"http:\/\/jlggb.net\/blog4\/?p=2630","title":{"rendered":"La neige en ville"},"content":{"rendered":"<p><a href=\"http:\/\/jlggb.net\/blog4\/wp-content\/uploads\/2015\/02\/neige-berlin-prenzlauerberg-2015.jpg\" data-rel=\"lightbox-gallery-AFSHeKMx\" data-imagelightbox=\"0\" data-rl_title=\"\" data-rl_caption=\"\" title=\"\"><img loading=\"lazy\" decoding=\"async\" src=\"http:\/\/jlggb.net\/blog4\/wp-content\/uploads\/2015\/02\/neige-berlin-prenzlauerberg-2015.jpg\" alt=\"neige berlin prenzlauerberg 2015\" width=\"640\" height=\"480\" class=\"alignnone size-full wp-image-2631\" srcset=\"http:\/\/jlggb.net\/blog4\/wp-content\/uploads\/2015\/02\/neige-berlin-prenzlauerberg-2015.jpg 2000w, http:\/\/jlggb.net\/blog4\/wp-content\/uploads\/2015\/02\/neige-berlin-prenzlauerberg-2015-200x150.jpg 200w, http:\/\/jlggb.net\/blog4\/wp-content\/uploads\/2015\/02\/neige-berlin-prenzlauerberg-2015-400x300.jpg 400w, http:\/\/jlggb.net\/blog4\/wp-content\/uploads\/2015\/02\/neige-berlin-prenzlauerberg-2015-150x113.jpg 150w\" sizes=\"auto, (max-width: 640px) 100vw, 640px\" \/><\/a><br \/>\nSamedi 31 janvier 2015, 12h30, square \u00e0 Prenzlauer Berg, Berlin. Effet magn\u00e9tique de la neige qui souligne la lisibilit\u00e9 de la ville.<\/p>\n","protected":false},"excerpt":{"rendered":"<p>Samedi 31 janvier 2015, 12h30, square \u00e0 Prenzlauer Berg, Berlin. Effet magn\u00e9tique de la neige qui souligne la lisibilit\u00e9 de la ville.<\/p>\n","protected":false},"author":1,"featured_media":0,"comment_status":"closed","ping_status":"closed","sticky":false,"template":"","format":"standard","meta":{"footnotes":""},"categories":[101],"tags":[484,233],"class_list":["post-2630","post","type-post","status-publish","format-standard","hentry","category-notation","tag-berlin","tag-neige"],"_links":{"self":[{"href":"http:\/\/jlggb.net\/blog4\/index.php?rest_route=\/wp\/v2\/posts\/2630","targetHints":{"allow":["GET"]}}],"collection":[{"href":"http:\/\/jlggb.net\/blog4\/index.php?rest_route=\/wp\/v2\/posts"}],"about":[{"href":"http:\/\/jlggb.net\/blog4\/index.php?rest_route=\/wp\/v2\/types\/post"}],"author":[{"embeddable":true,"href":"http:\/\/jlggb.net\/blog4\/index.php?rest_route=\/wp\/v2\/users\/1"}],"replies":[{"embeddable":true,"href":"http:\/\/jlggb.net\/blog4\/index.php?rest_route=%2Fwp%2Fv2%2Fcomments&post=2630"}],"version-history":[{"count":0,"href":"http:\/\/jlggb.net\/blog4\/index.php?rest_route=\/wp\/v2\/posts\/2630\/revisions"}],"wp:attachment":[{"href":"http:\/\/jlggb.net\/blog4\/index.php?rest_route=%2Fwp%2Fv2%2Fmedia&parent=2630"}],"wp:term":[{"taxonomy":"category","embeddable":true,"href":"http:\/\/jlggb.net\/blog4\/index.php?rest_route=%2Fwp%2Fv2%2Fcategories&post=2630"},{"taxonomy":"post_tag","embeddable":true,"href":"http:\/\/jlggb.net\/blog4\/index.php?rest_route=%2Fwp%2Fv2%2Ftags&post=2630"}],"curies":[{"name":"wp","href":"https:\/\/api.w.org\/{rel}","templated":true}]}}