{"id":2608,"date":"2015-01-30T15:00:19","date_gmt":"2015-01-30T14:00:19","guid":{"rendered":"http:\/\/jlggb.net\/blog4\/?p=2608"},"modified":"2020-09-01T11:09:07","modified_gmt":"2020-09-01T10:09:07","slug":"care-of","status":"publish","type":"post","link":"http:\/\/jlggb.net\/blog4\/?p=2608","title":{"rendered":"Care of"},"content":{"rendered":"<p><a href=\"http:\/\/jlggb.net\/blog4\/wp-content\/uploads\/2015\/02\/berlin-care-of.jpg\" data-rel=\"lightbox-gallery-RQaGDcWA\" data-imagelightbox=\"0\" data-rl_title=\"\" data-rl_caption=\"\" title=\"\"><img loading=\"lazy\" decoding=\"async\" class=\"alignnone size-full wp-image-2609\" src=\"http:\/\/jlggb.net\/blog4\/wp-content\/uploads\/2015\/02\/berlin-care-of.jpg\" alt=\"berlin care of\" width=\"2000\" height=\"1500\" \/><\/a><br \/>\nVendredi 30 janvier 2015, 15h, fondation C\/O, Amerika Haus, Hardenbergstra\u00dfe, Berlin. <em>Blow Up. Antonioni&rsquo;s Classic Film and Photography<\/em>, une int\u00e9ressante exposition dans un b\u00e2timent tr\u00e8s bien restaur\u00e9 \u2014 des ann\u00e9es 50, un lieu qui a eu une histoire mouvement\u00e9e, jusqu&rsquo;\u00e0 ce qu&rsquo;il soit repris par la Ville de Berlin et qu&rsquo;il accueille ce centre culturel \u2014, avec une bonne caf\u00e9t\u00e9ria sur la rue (Site&nbsp;: <a href=\"http:\/\/www.co-berlin.org\" target=\"_blank\" rel=\"noopener\">http:\/\/www.co-berlin.org<\/a>). Je note que la fa\u00e7on de planter la fourchette dans le g\u00e2teau semble nationale (mais ici plus discr\u00e8tement qu&rsquo;\u00e0 Hambourg&nbsp;: <a href=\"http:\/\/jlggb.net\/blog4\/?p=1144\" target=\"_blank\" rel=\"noopener\">http:\/\/jlggb.net\/blog4\/?p=1144<\/a>)<\/p>\n","protected":false},"excerpt":{"rendered":"<p>Vendredi 30 janvier 2015, 15h, fondation C\/O, Amerika Haus, Hardenbergstra\u00dfe, Berlin. Blow Up. Antonioni&rsquo;s Classic Film and Photography, une int\u00e9ressante exposition dans un b\u00e2timent tr\u00e8s bien restaur\u00e9 \u2014 des ann\u00e9es 50, un lieu qui a eu une histoire mouvement\u00e9e, jusqu&rsquo;\u00e0 ce qu&rsquo;il soit repris par la Ville de Berlin et qu&rsquo;il accueille ce centre culturel &hellip; <a href=\"http:\/\/jlggb.net\/blog4\/?p=2608\" class=\"more-link\">Continuer la lecture de <span class=\"screen-reader-text\">Care of<\/span><\/a><\/p>\n","protected":false},"author":1,"featured_media":0,"comment_status":"closed","ping_status":"closed","sticky":false,"template":"","format":"standard","meta":{"footnotes":""},"categories":[254,275,9,101],"tags":[484,485],"class_list":["post-2608","post","type-post","status-publish","format-standard","hentry","category-art","category-lieu","category-monument","category-notation","tag-berlin","tag-gateau"],"_links":{"self":[{"href":"http:\/\/jlggb.net\/blog4\/index.php?rest_route=\/wp\/v2\/posts\/2608","targetHints":{"allow":["GET"]}}],"collection":[{"href":"http:\/\/jlggb.net\/blog4\/index.php?rest_route=\/wp\/v2\/posts"}],"about":[{"href":"http:\/\/jlggb.net\/blog4\/index.php?rest_route=\/wp\/v2\/types\/post"}],"author":[{"embeddable":true,"href":"http:\/\/jlggb.net\/blog4\/index.php?rest_route=\/wp\/v2\/users\/1"}],"replies":[{"embeddable":true,"href":"http:\/\/jlggb.net\/blog4\/index.php?rest_route=%2Fwp%2Fv2%2Fcomments&post=2608"}],"version-history":[{"count":1,"href":"http:\/\/jlggb.net\/blog4\/index.php?rest_route=\/wp\/v2\/posts\/2608\/revisions"}],"predecessor-version":[{"id":3827,"href":"http:\/\/jlggb.net\/blog4\/index.php?rest_route=\/wp\/v2\/posts\/2608\/revisions\/3827"}],"wp:attachment":[{"href":"http:\/\/jlggb.net\/blog4\/index.php?rest_route=%2Fwp%2Fv2%2Fmedia&parent=2608"}],"wp:term":[{"taxonomy":"category","embeddable":true,"href":"http:\/\/jlggb.net\/blog4\/index.php?rest_route=%2Fwp%2Fv2%2Fcategories&post=2608"},{"taxonomy":"post_tag","embeddable":true,"href":"http:\/\/jlggb.net\/blog4\/index.php?rest_route=%2Fwp%2Fv2%2Ftags&post=2608"}],"curies":[{"name":"wp","href":"https:\/\/api.w.org\/{rel}","templated":true}]}}