{"id":2522,"date":"2015-01-15T10:00:09","date_gmt":"2015-01-15T09:00:09","guid":{"rendered":"http:\/\/jlggb.net\/blog4\/?p=2522"},"modified":"2015-01-20T01:51:29","modified_gmt":"2015-01-20T00:51:29","slug":"fragment-autobiographique-n2","status":"publish","type":"post","link":"http:\/\/jlggb.net\/blog4\/?p=2522","title":{"rendered":"Fragment autobiographique n\u00b02"},"content":{"rendered":"<p><a href=\"http:\/\/jlggb.net\/blog4\/wp-content\/uploads\/2015\/01\/crayon-gilbert-jlb-2015.jpg\" data-rel=\"lightbox-gallery-6lVFoxdS\" data-imagelightbox=\"0\" data-rl_title=\"\" data-rl_caption=\"\" title=\"\"><img loading=\"lazy\" decoding=\"async\" class=\"alignnone size-full wp-image-2542\" src=\"http:\/\/jlggb.net\/blog4\/wp-content\/uploads\/2015\/01\/crayon-gilbert-jlb-2015.jpg\" alt=\"crayon gilbert jlb 2015\" width=\"640\" height=\"480\" \/><\/a><br \/>\n<a href=\"http:\/\/jlggb.net\/blog4\/wp-content\/uploads\/2015\/01\/jlb-st-laurent-1948.jpg\" data-rel=\"lightbox-gallery-6lVFoxdS\" data-imagelightbox=\"1\" data-rl_title=\"\" data-rl_caption=\"\" title=\"\"><img loading=\"lazy\" decoding=\"async\" class=\"alignnone size-full wp-image-2537\" src=\"http:\/\/jlggb.net\/blog4\/wp-content\/uploads\/2015\/01\/jlb-st-laurent-1948.jpg\" alt=\"jlb-st-laurent-1948\" width=\"640\" height=\"480\" srcset=\"http:\/\/jlggb.net\/blog4\/wp-content\/uploads\/2015\/01\/jlb-st-laurent-1948.jpg 2000w, http:\/\/jlggb.net\/blog4\/wp-content\/uploads\/2015\/01\/jlb-st-laurent-1948-200x150.jpg 200w, http:\/\/jlggb.net\/blog4\/wp-content\/uploads\/2015\/01\/jlb-st-laurent-1948-400x300.jpg 400w, http:\/\/jlggb.net\/blog4\/wp-content\/uploads\/2015\/01\/jlb-st-laurent-1948-150x113.jpg 150w\" sizes=\"auto, (max-width: 640px) 100vw, 640px\" \/><\/a><br \/>\n<a href=\"http:\/\/jlggb.net\/blog4\/wp-content\/uploads\/2015\/01\/presse-freinet.jpg\" data-rel=\"lightbox-gallery-6lVFoxdS\" data-imagelightbox=\"2\" data-rl_title=\"\" data-rl_caption=\"\" title=\"\"><img loading=\"lazy\" decoding=\"async\" class=\"alignnone size-full wp-image-2536\" src=\"http:\/\/jlggb.net\/blog4\/wp-content\/uploads\/2015\/01\/presse-freinet.jpg\" alt=\"presse freinet\" width=\"640\" height=\"480\" \/><\/a><br \/>\n<a href=\"http:\/\/jlggb.net\/blog4\/wp-content\/uploads\/2015\/01\/ecole-buissonniere-imprimerie-2.jpg\" data-rel=\"lightbox-gallery-6lVFoxdS\" data-imagelightbox=\"3\" data-rl_title=\"\" data-rl_caption=\"\" title=\"\"><img loading=\"lazy\" decoding=\"async\" class=\"alignnone size-full wp-image-2540\" src=\"http:\/\/jlggb.net\/blog4\/wp-content\/uploads\/2015\/01\/ecole-buissonniere-imprimerie-2.jpg\" alt=\"ecole buissonniere imprimerie 2\" width=\"640\" height=\"480\" srcset=\"http:\/\/jlggb.net\/blog4\/wp-content\/uploads\/2015\/01\/ecole-buissonniere-imprimerie-2.jpg 2000w, http:\/\/jlggb.net\/blog4\/wp-content\/uploads\/2015\/01\/ecole-buissonniere-imprimerie-2-200x150.jpg 200w, http:\/\/jlggb.net\/blog4\/wp-content\/uploads\/2015\/01\/ecole-buissonniere-imprimerie-2-400x300.jpg 400w, http:\/\/jlggb.net\/blog4\/wp-content\/uploads\/2015\/01\/ecole-buissonniere-imprimerie-2-150x113.jpg 150w\" sizes=\"auto, (max-width: 640px) 100vw, 640px\" \/><\/a><br \/>\nJeudi 15 janvier 2015, 10h, Paris. En main, un crayon des ann\u00e9es 50, Gilbert 33, fabriqu\u00e9 \u00e0 Boulogne-sur-Mer. \u00c0 rapprocher de mon apparition officielle dans la classe de ma m\u00e8re, le 31 octobre 1948, \u00e9cole de Saint-Laurent en Royans, dans la Dr\u00f4me, au pied du Vercors. Je n&rsquo;ai jamais cess\u00e9 d&rsquo;aimer les crayons, voir&nbsp;: <a href=\"http:\/\/jlggb.net\/blog2\/?p=424\" target=\"_blank\">http:\/\/jlggb.net\/blog2\/?p=424<\/a>. Au m\u00eame endroit, dans la classe de mon p\u00e8re, je d\u00e9couvrais les caract\u00e8res typographiques et la presse , \u00ab\u00a0presse \u00e0 volet\u00a0\u00bb en aluminium fabriqu\u00e9e par la C.E.L., Coop\u00e9rative de l&rsquo;enseignement la\u00efque, pour l&rsquo;\u00ab\u00a0imprimerie \u00e0 l&rsquo;\u00e9cole\u00a0\u00bb selon C\u00e9lestin Freinet. Le dessin provient de la brochure de C. Freinet et C. Drevet, <em>Technique de l&rsquo;imprimerie \u00e0 l&rsquo;\u00e9cole, Composition, Impression, Illustration, \u00c9changes<\/em>, \u00c9ditions de l&rsquo;\u00c9cole Moderne Fran\u00e7aise, Cannes, 1949. Le go\u00fbt pour l&rsquo;imprimerie et la rencontre du texte et de l&rsquo;image ne me quittera pas non plus. L&rsquo;\u00e9cole selon Freinet fait \u00e0 l&rsquo;\u00e9poque, en 1949, l&rsquo;objet d&rsquo;un film sign\u00e9 Jean-Paul Le Chanois, <em>L&rsquo;\u00c9cole buissonni\u00e8re<\/em>, que je vois d\u00e8s sa sortie et qui est donc l&rsquo;un de mes premiers films \u2014 \u00e0 voir complet sur YouTube&nbsp;:<a href=\"https:\/\/www.youtube.com\/watch?v=PhXA9Hg18lU\" target=\"_blank\"> https:\/\/www.youtube.com\/watch?v=PhXA9Hg18lU<\/a>. Ici, la sc\u00e8ne o\u00f9 les \u00e9l\u00e8ves composent un journal.<br \/>\nVoir <a href=\"http:\/\/jlggb.net\/blog4\/?p=455\" target=\"_blank\">\u00ab\u00a0Fragment autobiographique n\u00b01\u00a0\u00bb<\/a> et <a href=\"http:\/\/jlggb.net\/blog4\/?p=495\" target=\"_blank\">\u00ab Fragment autobiographique n\u00b01bis \u00bb<\/a> du 5 janvier 2014.<\/p>\n","protected":false},"excerpt":{"rendered":"<p>Jeudi 15 janvier 2015, 10h, Paris. En main, un crayon des ann\u00e9es 50, Gilbert 33, fabriqu\u00e9 \u00e0 Boulogne-sur-Mer. \u00c0 rapprocher de mon apparition officielle dans la classe de ma m\u00e8re, le 31 octobre 1948, \u00e9cole de Saint-Laurent en Royans, dans la Dr\u00f4me, au pied du Vercors. Je n&rsquo;ai jamais cess\u00e9 d&rsquo;aimer les crayons, voir&nbsp;: http:\/\/jlggb.net\/blog2\/?p=424. &hellip; <a href=\"http:\/\/jlggb.net\/blog4\/?p=2522\" class=\"more-link\">Continuer la lecture de <span class=\"screen-reader-text\">Fragment autobiographique n\u00b02<\/span><\/a><\/p>\n","protected":false},"author":1,"featured_media":0,"comment_status":"closed","ping_status":"closed","sticky":false,"template":"","format":"standard","meta":{"footnotes":""},"categories":[176,9,122,166,177],"tags":[476,474,475],"class_list":["post-2522","post","type-post","status-publish","format-standard","hentry","category-autobiographie","category-monument","category-superposition","category-technique","category-typographie","tag-celestin-freinet","tag-crayon","tag-imprimerie"],"_links":{"self":[{"href":"http:\/\/jlggb.net\/blog4\/index.php?rest_route=\/wp\/v2\/posts\/2522","targetHints":{"allow":["GET"]}}],"collection":[{"href":"http:\/\/jlggb.net\/blog4\/index.php?rest_route=\/wp\/v2\/posts"}],"about":[{"href":"http:\/\/jlggb.net\/blog4\/index.php?rest_route=\/wp\/v2\/types\/post"}],"author":[{"embeddable":true,"href":"http:\/\/jlggb.net\/blog4\/index.php?rest_route=\/wp\/v2\/users\/1"}],"replies":[{"embeddable":true,"href":"http:\/\/jlggb.net\/blog4\/index.php?rest_route=%2Fwp%2Fv2%2Fcomments&post=2522"}],"version-history":[{"count":0,"href":"http:\/\/jlggb.net\/blog4\/index.php?rest_route=\/wp\/v2\/posts\/2522\/revisions"}],"wp:attachment":[{"href":"http:\/\/jlggb.net\/blog4\/index.php?rest_route=%2Fwp%2Fv2%2Fmedia&parent=2522"}],"wp:term":[{"taxonomy":"category","embeddable":true,"href":"http:\/\/jlggb.net\/blog4\/index.php?rest_route=%2Fwp%2Fv2%2Fcategories&post=2522"},{"taxonomy":"post_tag","embeddable":true,"href":"http:\/\/jlggb.net\/blog4\/index.php?rest_route=%2Fwp%2Fv2%2Ftags&post=2522"}],"curies":[{"name":"wp","href":"https:\/\/api.w.org\/{rel}","templated":true}]}}