{"id":2496,"date":"2015-01-03T10:00:10","date_gmt":"2015-01-03T09:00:10","guid":{"rendered":"http:\/\/jlggb.net\/blog4\/?p=2496"},"modified":"2015-01-03T19:34:11","modified_gmt":"2015-01-03T18:34:11","slug":"des-archives-le-bus-des-immateriaux","status":"publish","type":"post","link":"http:\/\/jlggb.net\/blog4\/?p=2496","title":{"rendered":"Des archives : Le bus des immat\u00e9riaux"},"content":{"rendered":"<p><a href=\"http:\/\/jlggb.net\/blog4\/wp-content\/uploads\/2015\/01\/le-bus-immateriaux-1985-jlb-blog.jpg\" data-rel=\"lightbox-gallery-demphjhN\" data-imagelightbox=\"0\" data-rl_title=\"\" data-rl_caption=\"\" title=\"\"><img loading=\"lazy\" decoding=\"async\" class=\"alignnone wp-image-2497\" src=\"http:\/\/jlggb.net\/blog4\/wp-content\/uploads\/2015\/01\/le-bus-immateriaux-1985-jlb-blog.jpg\" alt=\"le bus immateriaux 1985 jlb blog\" width=\"640\" height=\"427\" srcset=\"http:\/\/jlggb.net\/blog4\/wp-content\/uploads\/2015\/01\/le-bus-immateriaux-1985-jlb-blog.jpg 2000w, http:\/\/jlggb.net\/blog4\/wp-content\/uploads\/2015\/01\/le-bus-immateriaux-1985-jlb-blog-200x133.jpg 200w, http:\/\/jlggb.net\/blog4\/wp-content\/uploads\/2015\/01\/le-bus-immateriaux-1985-jlb-blog-400x267.jpg 400w, http:\/\/jlggb.net\/blog4\/wp-content\/uploads\/2015\/01\/le-bus-immateriaux-1985-jlb-blog-150x100.jpg 150w\" sizes=\"auto, (max-width: 640px) 100vw, 640px\" \/><\/a><br \/>\nSamedi 3 janvier 2015, 10h. N\u00e9gatif retrouv\u00e9 (date inscrite dans la pellicule&nbsp;: 16 juillet 1985) d&rsquo;une vue jamais tir\u00e9e, dans le cadre de la pr\u00e9paration du 30e anniversaire. <em>Le Bus<\/em>, installation vid\u00e9o-interactive, version initiale pour l\u2019exposition <em>Les Immat\u00e9riaux<\/em>, Centre Pompidou, 1985, r\u00e9alis\u00e9e en 1984 avec mes \u00e9tudiants de Paris 8 et le soutien de Thierry Chaput, commissaire au CCI. La maquette d\u2019un autobus parisien \u00e9tait pr\u00eat\u00e9e par la RATP. Trois petits moniteurs vid\u00e9o \u00e9taient dispos\u00e9s derri\u00e8re trois fen\u00eatres du bus. Mention&nbsp;: photo JLB 1985<\/p>\n","protected":false},"excerpt":{"rendered":"<p>Samedi 3 janvier 2015, 10h. N\u00e9gatif retrouv\u00e9 (date inscrite dans la pellicule&nbsp;: 16 juillet 1985) d&rsquo;une vue jamais tir\u00e9e, dans le cadre de la pr\u00e9paration du 30e anniversaire. Le Bus, installation vid\u00e9o-interactive, version initiale pour l\u2019exposition Les Immat\u00e9riaux, Centre Pompidou, 1985, r\u00e9alis\u00e9e en 1984 avec mes \u00e9tudiants de Paris 8 et le soutien de Thierry &hellip; <a href=\"http:\/\/jlggb.net\/blog4\/?p=2496\" class=\"more-link\">Continuer la lecture de <span class=\"screen-reader-text\">Des archives : Le bus des immat\u00e9riaux<\/span><\/a><\/p>\n","protected":false},"author":1,"featured_media":0,"comment_status":"closed","ping_status":"closed","sticky":false,"template":"","format":"standard","meta":{"footnotes":""},"categories":[3,111],"tags":[206],"class_list":["post-2496","post","type-post","status-publish","format-standard","hentry","category-des-archives","category-exposition","tag-centre-pompidou"],"_links":{"self":[{"href":"http:\/\/jlggb.net\/blog4\/index.php?rest_route=\/wp\/v2\/posts\/2496","targetHints":{"allow":["GET"]}}],"collection":[{"href":"http:\/\/jlggb.net\/blog4\/index.php?rest_route=\/wp\/v2\/posts"}],"about":[{"href":"http:\/\/jlggb.net\/blog4\/index.php?rest_route=\/wp\/v2\/types\/post"}],"author":[{"embeddable":true,"href":"http:\/\/jlggb.net\/blog4\/index.php?rest_route=\/wp\/v2\/users\/1"}],"replies":[{"embeddable":true,"href":"http:\/\/jlggb.net\/blog4\/index.php?rest_route=%2Fwp%2Fv2%2Fcomments&post=2496"}],"version-history":[{"count":0,"href":"http:\/\/jlggb.net\/blog4\/index.php?rest_route=\/wp\/v2\/posts\/2496\/revisions"}],"wp:attachment":[{"href":"http:\/\/jlggb.net\/blog4\/index.php?rest_route=%2Fwp%2Fv2%2Fmedia&parent=2496"}],"wp:term":[{"taxonomy":"category","embeddable":true,"href":"http:\/\/jlggb.net\/blog4\/index.php?rest_route=%2Fwp%2Fv2%2Fcategories&post=2496"},{"taxonomy":"post_tag","embeddable":true,"href":"http:\/\/jlggb.net\/blog4\/index.php?rest_route=%2Fwp%2Fv2%2Ftags&post=2496"}],"curies":[{"name":"wp","href":"https:\/\/api.w.org\/{rel}","templated":true}]}}