{"id":2444,"date":"2014-12-28T15:00:55","date_gmt":"2014-12-28T14:00:55","guid":{"rendered":"http:\/\/jlggb.net\/blog4\/?p=2444"},"modified":"2014-12-29T09:08:04","modified_gmt":"2014-12-29T08:08:04","slug":"liberte","status":"publish","type":"post","link":"http:\/\/jlggb.net\/blog4\/?p=2444","title":{"rendered":"Libert\u00e9"},"content":{"rendered":"<p><a href=\"http:\/\/jlggb.net\/blog4\/wp-content\/uploads\/2014\/12\/cite-archi-chaises-2014.jpg\" data-rel=\"lightbox-gallery-8VOQSUnX\" data-imagelightbox=\"0\" data-rl_title=\"\" data-rl_caption=\"\" title=\"\"><img loading=\"lazy\" decoding=\"async\" src=\"http:\/\/jlggb.net\/blog4\/wp-content\/uploads\/2014\/12\/cite-archi-chaises-2014.jpg\" alt=\"cite archi chaises 2014\" width=\"640\" height=\"480\" class=\"alignnone size-full wp-image-2445\" \/><\/a><br \/>\nDimanche 28 d\u00e9cembre 2014, 15h30, Cit\u00e9 de l&rsquo;architecture, Palais de Chaillot, Paris 16e. Au dessus de ce qui fut la Cin\u00e9math\u00e8que de Langlois, beaucoup fr\u00e9quent\u00e9e dans les ann\u00e9es 70, une salle en acc\u00e8s libre, libre de toute exposition, sans personne, avec diff\u00e9rentes chaises (donn\u00e9es&nbsp;?) de Vitra, dont celle nomm\u00e9e Hal, de Jasper Morrison, 2011.<\/p>\n","protected":false},"excerpt":{"rendered":"<p>Dimanche 28 d\u00e9cembre 2014, 15h30, Cit\u00e9 de l&rsquo;architecture, Palais de Chaillot, Paris 16e. Au dessus de ce qui fut la Cin\u00e9math\u00e8que de Langlois, beaucoup fr\u00e9quent\u00e9e dans les ann\u00e9es 70, une salle en acc\u00e8s libre, libre de toute exposition, sans personne, avec diff\u00e9rentes chaises (donn\u00e9es&nbsp;?) de Vitra, dont celle nomm\u00e9e Hal, de Jasper Morrison, 2011.<\/p>\n","protected":false},"author":1,"featured_media":0,"comment_status":"closed","ping_status":"closed","sticky":false,"template":"","format":"standard","meta":{"footnotes":""},"categories":[110,146,101],"tags":[466,15,381],"class_list":["post-2444","post","type-post","status-publish","format-standard","hentry","category-architecture","category-design","category-notation","tag-chaillot","tag-chaise","tag-jasper-morrison"],"_links":{"self":[{"href":"http:\/\/jlggb.net\/blog4\/index.php?rest_route=\/wp\/v2\/posts\/2444","targetHints":{"allow":["GET"]}}],"collection":[{"href":"http:\/\/jlggb.net\/blog4\/index.php?rest_route=\/wp\/v2\/posts"}],"about":[{"href":"http:\/\/jlggb.net\/blog4\/index.php?rest_route=\/wp\/v2\/types\/post"}],"author":[{"embeddable":true,"href":"http:\/\/jlggb.net\/blog4\/index.php?rest_route=\/wp\/v2\/users\/1"}],"replies":[{"embeddable":true,"href":"http:\/\/jlggb.net\/blog4\/index.php?rest_route=%2Fwp%2Fv2%2Fcomments&post=2444"}],"version-history":[{"count":0,"href":"http:\/\/jlggb.net\/blog4\/index.php?rest_route=\/wp\/v2\/posts\/2444\/revisions"}],"wp:attachment":[{"href":"http:\/\/jlggb.net\/blog4\/index.php?rest_route=%2Fwp%2Fv2%2Fmedia&parent=2444"}],"wp:term":[{"taxonomy":"category","embeddable":true,"href":"http:\/\/jlggb.net\/blog4\/index.php?rest_route=%2Fwp%2Fv2%2Fcategories&post=2444"},{"taxonomy":"post_tag","embeddable":true,"href":"http:\/\/jlggb.net\/blog4\/index.php?rest_route=%2Fwp%2Fv2%2Ftags&post=2444"}],"curies":[{"name":"wp","href":"https:\/\/api.w.org\/{rel}","templated":true}]}}