{"id":2249,"date":"2014-11-15T23:59:58","date_gmt":"2014-11-15T21:59:58","guid":{"rendered":"http:\/\/jlggb.net\/blog4\/?p=2249"},"modified":"2014-11-16T03:42:25","modified_gmt":"2014-11-16T01:42:25","slug":"tout-se-passe-avant","status":"publish","type":"post","link":"http:\/\/jlggb.net\/blog4\/?p=2249","title":{"rendered":"Tout se passe avant"},"content":{"rendered":"<p><a href=\"http:\/\/jlggb.net\/blog4\/wp-content\/uploads\/2014\/11\/clergue-nu-recto-1966.jpg\" data-rel=\"lightbox-gallery-R2mChjX5\" data-imagelightbox=\"0\" data-rl_title=\"\" data-rl_caption=\"\" title=\"\"><img loading=\"lazy\" decoding=\"async\" class=\"alignnone wp-image-2250\" src=\"http:\/\/jlggb.net\/blog4\/wp-content\/uploads\/2014\/11\/clergue-nu-recto-1966.jpg\" alt=\"clergue-nu-recto-1966\" width=\"640\" height=\"800\" srcset=\"http:\/\/jlggb.net\/blog4\/wp-content\/uploads\/2014\/11\/clergue-nu-recto-1966.jpg 1600w, http:\/\/jlggb.net\/blog4\/wp-content\/uploads\/2014\/11\/clergue-nu-recto-1966-120x150.jpg 120w, http:\/\/jlggb.net\/blog4\/wp-content\/uploads\/2014\/11\/clergue-nu-recto-1966-240x300.jpg 240w, http:\/\/jlggb.net\/blog4\/wp-content\/uploads\/2014\/11\/clergue-nu-recto-1966-1200x1500.jpg 1200w\" sizes=\"auto, (max-width: 640px) 100vw, 640px\" \/><\/a><br \/>\n<a href=\"http:\/\/jlggb.net\/blog4\/wp-content\/uploads\/2014\/11\/clergue-nu-verso-1966.jpg\" data-rel=\"lightbox-gallery-R2mChjX5\" data-imagelightbox=\"1\" data-rl_title=\"\" data-rl_caption=\"\" title=\"\"><img loading=\"lazy\" decoding=\"async\" class=\"alignnone wp-image-2251\" src=\"http:\/\/jlggb.net\/blog4\/wp-content\/uploads\/2014\/11\/clergue-nu-verso-1966.jpg\" alt=\"clergue-nu-verso-1966\" width=\"640\" height=\"800\" \/><\/a><br \/>\nSamedi 15\u00a0novembre 2014, 23h. L\u2019histoire commence vers 16h. Sortant des Beaux-Arts o\u00f9 nous sommes venus voir Offprint, la foire des livres d\u2019art et d\u2019artistes, nous passons devant la galerie Patrice Trigano. Je remarque des photographies de Lucien Clergue et il me vient l\u2019id\u00e9e de demander les prix. Quatre mille euros pour une \u00e9preuve r\u00e9cente de 40 x 50\u00a0cm. Au caf\u00e9 La Palette, j\u2019imagine que nous pourrions demander \u00e0 Lucien Clergue de signer \u2014 pour les vendre et acheter un nouvel appareil photo \u2014 les petits tirages, d\u00e9sormais <em>vintages<\/em>,  donn\u00e9s pour le catalogue de l\u2019exposition dont Michel S\u00e9m\u00e9niako, Marie-J\u00e9sus Diaz et moi avons \u00e9t\u00e9 les commissaires \u00e0 Grenoble en 1966. \u00ab\u00a0Clergue n\u2019est pas tellement plus vieux que nous. Quand nous l\u2019avons connu, il avait trente ans et nous vingt.\u00a0\u00bb Je me rends au Grand Palais pour Paris Photo. Dans la queue, je lis sur mon iPhone que Lucien Clergue vient de mourir. Surpris par cette co\u00efncidence, je cherche ses photos dans les stands de galeries\u00a0; mais aucune. Je croise Agn\u00e8s Varda chez Nathalie Obadia o\u00f9 elle a reconstitu\u00e9 sa premi\u00e8re exposition personnelle de 1954, rue Daguerre. J\u2019ai rendez-vous avec Hanako qui vient d\u2019int\u00e9grer le Studio national d\u2019art contemporain du Fresnoy et j\u2019apprends qu\u2019elle pr\u00e9pare un film sur le portrait qu\u2019elle va faire en daguerr\u00e9otype d\u2019Agn\u00e8s Varda chez elle, rue Daguerre. Je peux lui dire que lorsque j\u2019ai commenc\u00e9, en 1965, \u00e0 faire des photos de th\u00e9\u00e2tre, ma seule r\u00e9f\u00e9rence \u00e9tait Agn\u00e8s Varda, au TNP et au Festival d\u2019Avignon. Une fois rentr\u00e9, je reproduis la photo que Clergue me donna en d\u00e9cembre\u00a01966, format 40 x 50. Je retrouve notre texte du catalogue \u2014 pour moi, le premier texte jamais r\u00e9dig\u00e9 et publi\u00e9\u00a0\u2014 et je lis\u00a0: \u00ab\u00a0Agn\u00e8s Varda dit\u00a0: tout se passe avant.\u00a0\u00bb<\/p>\n","protected":false},"excerpt":{"rendered":"<p>Samedi 15\u00a0novembre 2014, 23h. L\u2019histoire commence vers 16h. Sortant des Beaux-Arts o\u00f9 nous sommes venus voir Offprint, la foire des livres d\u2019art et d\u2019artistes, nous passons devant la galerie Patrice Trigano. Je remarque des photographies de Lucien Clergue et il me vient l\u2019id\u00e9e de demander les prix. Quatre mille euros pour une \u00e9preuve r\u00e9cente de &hellip; <a href=\"http:\/\/jlggb.net\/blog4\/?p=2249\" class=\"more-link\">Continuer la lecture de <span class=\"screen-reader-text\">Tout se passe avant<\/span><\/a><\/p>\n","protected":false},"author":1,"featured_media":0,"comment_status":"closed","ping_status":"closed","sticky":false,"template":"","format":"standard","meta":{"footnotes":""},"categories":[254,138,122],"tags":[441,440],"class_list":["post-2249","post","type-post","status-publish","format-standard","hentry","category-art","category-des-collections","category-superposition","tag-agnes-varda","tag-lucien-clergue"],"_links":{"self":[{"href":"http:\/\/jlggb.net\/blog4\/index.php?rest_route=\/wp\/v2\/posts\/2249","targetHints":{"allow":["GET"]}}],"collection":[{"href":"http:\/\/jlggb.net\/blog4\/index.php?rest_route=\/wp\/v2\/posts"}],"about":[{"href":"http:\/\/jlggb.net\/blog4\/index.php?rest_route=\/wp\/v2\/types\/post"}],"author":[{"embeddable":true,"href":"http:\/\/jlggb.net\/blog4\/index.php?rest_route=\/wp\/v2\/users\/1"}],"replies":[{"embeddable":true,"href":"http:\/\/jlggb.net\/blog4\/index.php?rest_route=%2Fwp%2Fv2%2Fcomments&post=2249"}],"version-history":[{"count":0,"href":"http:\/\/jlggb.net\/blog4\/index.php?rest_route=\/wp\/v2\/posts\/2249\/revisions"}],"wp:attachment":[{"href":"http:\/\/jlggb.net\/blog4\/index.php?rest_route=%2Fwp%2Fv2%2Fmedia&parent=2249"}],"wp:term":[{"taxonomy":"category","embeddable":true,"href":"http:\/\/jlggb.net\/blog4\/index.php?rest_route=%2Fwp%2Fv2%2Fcategories&post=2249"},{"taxonomy":"post_tag","embeddable":true,"href":"http:\/\/jlggb.net\/blog4\/index.php?rest_route=%2Fwp%2Fv2%2Ftags&post=2249"}],"curies":[{"name":"wp","href":"https:\/\/api.w.org\/{rel}","templated":true}]}}