{"id":2243,"date":"2014-11-12T15:00:32","date_gmt":"2014-11-12T13:00:32","guid":{"rendered":"http:\/\/jlggb.net\/blog4\/?p=2243"},"modified":"2014-11-14T02:49:30","modified_gmt":"2014-11-14T00:49:30","slug":"la-nouvelle-ecole-dart-de-cambrai","status":"publish","type":"post","link":"http:\/\/jlggb.net\/blog4\/?p=2243","title":{"rendered":"La nouvelle \u00e9cole d&rsquo;art de Cambrai"},"content":{"rendered":"<p><a href=\"http:\/\/jlggb.net\/blog4\/wp-content\/uploads\/2014\/11\/cambrai-ecole-grille.jpg\" data-rel=\"lightbox-gallery-0ln4Wi9Q\" data-imagelightbox=\"0\" data-rl_title=\"\" data-rl_caption=\"\" title=\"\"><img loading=\"lazy\" decoding=\"async\" src=\"http:\/\/jlggb.net\/blog4\/wp-content\/uploads\/2014\/11\/cambrai-ecole-grille.jpg\" alt=\"cambrai ecole grille\" width=\"2000\" height=\"1500\" class=\"alignnone size-full wp-image-2244\" srcset=\"http:\/\/jlggb.net\/blog4\/wp-content\/uploads\/2014\/11\/cambrai-ecole-grille.jpg 2000w, http:\/\/jlggb.net\/blog4\/wp-content\/uploads\/2014\/11\/cambrai-ecole-grille-200x150.jpg 200w, http:\/\/jlggb.net\/blog4\/wp-content\/uploads\/2014\/11\/cambrai-ecole-grille-400x300.jpg 400w, http:\/\/jlggb.net\/blog4\/wp-content\/uploads\/2014\/11\/cambrai-ecole-grille-150x112.jpg 150w\" sizes=\"auto, (max-width: 2000px) 100vw, 2000px\" \/><\/a><br \/>\nMercredi 12 novembre 2014, 15h. Jean-Michel m&rsquo;invite \u00e0 voir l&rsquo;\u00e9cole d&rsquo;art \u2014 fond\u00e9e \u00e0 la fin du XVIIIe si\u00e8cle \u2014 dont il est devenu le directeur et \u00e0 parler d&rsquo;une \u00ab orientation vers les nouvelles formes de l&rsquo;\u00e9dition\u00a0\u00bb. Une situation pas simple dans la r\u00e9gion. Architectes, l&rsquo;Atelier 9.81 de Lille pour un b\u00e2timent \u00e0 l&#8217;emplacement d&rsquo;une usine textile dont la grille est conserv\u00e9e, 1600 m2, 2 500 000 euros.<\/p>\n","protected":false},"excerpt":{"rendered":"<p>Mercredi 12 novembre 2014, 15h. Jean-Michel m&rsquo;invite \u00e0 voir l&rsquo;\u00e9cole d&rsquo;art \u2014 fond\u00e9e \u00e0 la fin du XVIIIe si\u00e8cle \u2014 dont il est devenu le directeur et \u00e0 parler d&rsquo;une \u00ab orientation vers les nouvelles formes de l&rsquo;\u00e9dition\u00a0\u00bb. Une situation pas simple dans la r\u00e9gion. Architectes, l&rsquo;Atelier 9.81 de Lille pour un b\u00e2timent \u00e0 l&#8217;emplacement &hellip; <a href=\"http:\/\/jlggb.net\/blog4\/?p=2243\" class=\"more-link\">Continuer la lecture de <span class=\"screen-reader-text\">La nouvelle \u00e9cole d&rsquo;art de Cambrai<\/span><\/a><\/p>\n","protected":false},"author":1,"featured_media":0,"comment_status":"closed","ping_status":"closed","sticky":false,"template":"","format":"standard","meta":{"footnotes":""},"categories":[110,122],"tags":[438,439],"class_list":["post-2243","post","type-post","status-publish","format-standard","hentry","category-architecture","category-superposition","tag-cambrai","tag-ecole-dart"],"_links":{"self":[{"href":"http:\/\/jlggb.net\/blog4\/index.php?rest_route=\/wp\/v2\/posts\/2243","targetHints":{"allow":["GET"]}}],"collection":[{"href":"http:\/\/jlggb.net\/blog4\/index.php?rest_route=\/wp\/v2\/posts"}],"about":[{"href":"http:\/\/jlggb.net\/blog4\/index.php?rest_route=\/wp\/v2\/types\/post"}],"author":[{"embeddable":true,"href":"http:\/\/jlggb.net\/blog4\/index.php?rest_route=\/wp\/v2\/users\/1"}],"replies":[{"embeddable":true,"href":"http:\/\/jlggb.net\/blog4\/index.php?rest_route=%2Fwp%2Fv2%2Fcomments&post=2243"}],"version-history":[{"count":0,"href":"http:\/\/jlggb.net\/blog4\/index.php?rest_route=\/wp\/v2\/posts\/2243\/revisions"}],"wp:attachment":[{"href":"http:\/\/jlggb.net\/blog4\/index.php?rest_route=%2Fwp%2Fv2%2Fmedia&parent=2243"}],"wp:term":[{"taxonomy":"category","embeddable":true,"href":"http:\/\/jlggb.net\/blog4\/index.php?rest_route=%2Fwp%2Fv2%2Fcategories&post=2243"},{"taxonomy":"post_tag","embeddable":true,"href":"http:\/\/jlggb.net\/blog4\/index.php?rest_route=%2Fwp%2Fv2%2Ftags&post=2243"}],"curies":[{"name":"wp","href":"https:\/\/api.w.org\/{rel}","templated":true}]}}