{"id":224,"date":"2013-12-19T01:30:28","date_gmt":"2013-12-19T00:30:28","guid":{"rendered":"http:\/\/jlggb.net\/blog4\/?p=224"},"modified":"2013-12-19T11:16:39","modified_gmt":"2013-12-19T10:16:39","slug":"des-collections-gut-holz","status":"publish","type":"post","link":"http:\/\/jlggb.net\/blog4\/?p=224","title":{"rendered":"Des collections : Gut Holz"},"content":{"rendered":"<p><a href=\"http:\/\/jlggb.net\/blog4\/wp-content\/uploads\/2013\/12\/gut-holz.jpg\" data-rel=\"lightbox-gallery-DMC76m8j\" data-imagelightbox=\"0\" data-rl_title=\"\" data-rl_caption=\"\" title=\"\"><img loading=\"lazy\" decoding=\"async\" class=\"alignnone size-full wp-image-225\" alt=\"gut holz\" src=\"http:\/\/jlggb.net\/blog4\/wp-content\/uploads\/2013\/12\/gut-holz.jpg\" width=\"640\" height=\"457\" \/><\/a><br \/>\nJeudi 19 d\u00e9cembre 2013, 1h30, Nice-Savoie. Trouv\u00e9e \u00e0 Berlin en 1992, cette photographie de deux \u00e9b\u00e9nistes devant leur buffet achev\u00e9. Ils boivent dans des verres marqu\u00e9s \u00ab\u00a0Gut Holz \u00bb, de la bi\u00e8re probablement. On peut dater ce clich\u00e9 du d\u00e9but du XXe si\u00e8cle. On appr\u00e9ciera la sym\u00e9trie de la pose, qui est celle du meuble, et donc de la photo.<\/p>\n","protected":false},"excerpt":{"rendered":"<p>Jeudi 19 d\u00e9cembre 2013, 1h30, Nice-Savoie. Trouv\u00e9e \u00e0 Berlin en 1992, cette photographie de deux \u00e9b\u00e9nistes devant leur buffet achev\u00e9. Ils boivent dans des verres marqu\u00e9s \u00ab\u00a0Gut Holz \u00bb, de la bi\u00e8re probablement. On peut dater ce clich\u00e9 du d\u00e9but du XXe si\u00e8cle. On appr\u00e9ciera la sym\u00e9trie de la pose, qui est celle du meuble, &hellip; <a href=\"http:\/\/jlggb.net\/blog4\/?p=224\" class=\"more-link\">Continuer la lecture de <span class=\"screen-reader-text\">Des collections : Gut Holz<\/span><\/a><\/p>\n","protected":false},"author":1,"featured_media":0,"comment_status":"closed","ping_status":"closed","sticky":false,"template":"","format":"standard","meta":{"footnotes":""},"categories":[138,96,4],"tags":[140,7,139],"class_list":["post-224","post","type-post","status-publish","format-standard","hentry","category-des-collections","category-personne","category-photographie","tag-140","tag-bois","tag-ebenisterie"],"_links":{"self":[{"href":"http:\/\/jlggb.net\/blog4\/index.php?rest_route=\/wp\/v2\/posts\/224","targetHints":{"allow":["GET"]}}],"collection":[{"href":"http:\/\/jlggb.net\/blog4\/index.php?rest_route=\/wp\/v2\/posts"}],"about":[{"href":"http:\/\/jlggb.net\/blog4\/index.php?rest_route=\/wp\/v2\/types\/post"}],"author":[{"embeddable":true,"href":"http:\/\/jlggb.net\/blog4\/index.php?rest_route=\/wp\/v2\/users\/1"}],"replies":[{"embeddable":true,"href":"http:\/\/jlggb.net\/blog4\/index.php?rest_route=%2Fwp%2Fv2%2Fcomments&post=224"}],"version-history":[{"count":0,"href":"http:\/\/jlggb.net\/blog4\/index.php?rest_route=\/wp\/v2\/posts\/224\/revisions"}],"wp:attachment":[{"href":"http:\/\/jlggb.net\/blog4\/index.php?rest_route=%2Fwp%2Fv2%2Fmedia&parent=224"}],"wp:term":[{"taxonomy":"category","embeddable":true,"href":"http:\/\/jlggb.net\/blog4\/index.php?rest_route=%2Fwp%2Fv2%2Fcategories&post=224"},{"taxonomy":"post_tag","embeddable":true,"href":"http:\/\/jlggb.net\/blog4\/index.php?rest_route=%2Fwp%2Fv2%2Ftags&post=224"}],"curies":[{"name":"wp","href":"https:\/\/api.w.org\/{rel}","templated":true}]}}