{"id":2194,"date":"2014-10-29T18:30:02","date_gmt":"2014-10-29T16:30:02","guid":{"rendered":"http:\/\/jlggb.net\/blog4\/?p=2194"},"modified":"2020-10-01T15:24:22","modified_gmt":"2020-10-01T14:24:22","slug":"au-bord-du-lac-de-bienne","status":"publish","type":"post","link":"http:\/\/jlggb.net\/blog4\/?p=2194","title":{"rendered":"Au bord du lac de Bienne le soir"},"content":{"rendered":"<p><a href=\"http:\/\/jlggb.net\/blog4\/wp-content\/uploads\/2014\/11\/bienne-lac-soir-2014.jpg\" data-rel=\"lightbox-gallery-GQLd6Z43\" data-imagelightbox=\"0\" data-rl_title=\"\" data-rl_caption=\"\" title=\"\"><img loading=\"lazy\" decoding=\"async\" class=\"alignnone size-full wp-image-2195\" src=\"http:\/\/jlggb.net\/blog4\/wp-content\/uploads\/2014\/11\/bienne-lac-soir-2014.jpg\" alt=\"bienne lac soir 2014\" width=\"640\" height=\"480\" srcset=\"http:\/\/jlggb.net\/blog4\/wp-content\/uploads\/2014\/11\/bienne-lac-soir-2014.jpg 2000w, http:\/\/jlggb.net\/blog4\/wp-content\/uploads\/2014\/11\/bienne-lac-soir-2014-200x150.jpg 200w, http:\/\/jlggb.net\/blog4\/wp-content\/uploads\/2014\/11\/bienne-lac-soir-2014-400x300.jpg 400w, http:\/\/jlggb.net\/blog4\/wp-content\/uploads\/2014\/11\/bienne-lac-soir-2014-150x112.jpg 150w\" sizes=\"auto, (max-width: 640px) 100vw, 640px\" \/><\/a><br \/>\nMercredi 29 octobre 2014, 18h30. Le lac de Bienne, on l&rsquo;a fr\u00e9quent\u00e9 beaucoup de 1992 \u00e0 1998 pour Rousseau et l&rsquo;\u00eele Saint-Pierre, que l&rsquo;on voit \u00e0 l&rsquo;horizon. On a connu en avril 1972 les jet\u00e9es qui prolongent la ville de Bienne dans le lac. La photo de Liliane en provient.<br \/>\n<span style=\"color: #ffffff;\">\u2014<\/span><br \/>\n<a href=\"http:\/\/jlggb.net\/blog4\/wp-content\/uploads\/2014\/10\/liliane-bienne-1972-retouch-144.jpg\" data-rel=\"lightbox-gallery-GQLd6Z43\" data-imagelightbox=\"1\" data-rl_title=\"\" data-rl_caption=\"\" title=\"\"><img loading=\"lazy\" decoding=\"async\" class=\"alignnone wp-image-3882\" src=\"http:\/\/jlggb.net\/blog4\/wp-content\/uploads\/2014\/10\/liliane-bienne-1972-retouch-144.jpg\" alt=\"\" width=\"400\" height=\"500\" srcset=\"http:\/\/jlggb.net\/blog4\/wp-content\/uploads\/2014\/10\/liliane-bienne-1972-retouch-144.jpg 1920w, http:\/\/jlggb.net\/blog4\/wp-content\/uploads\/2014\/10\/liliane-bienne-1972-retouch-144-120x150.jpg 120w, http:\/\/jlggb.net\/blog4\/wp-content\/uploads\/2014\/10\/liliane-bienne-1972-retouch-144-240x300.jpg 240w, http:\/\/jlggb.net\/blog4\/wp-content\/uploads\/2014\/10\/liliane-bienne-1972-retouch-144-768x960.jpg 768w, http:\/\/jlggb.net\/blog4\/wp-content\/uploads\/2014\/10\/liliane-bienne-1972-retouch-144-1200x1500.jpg 1200w\" sizes=\"auto, (max-width: 400px) 100vw, 400px\" \/><\/a><br \/>\nBienne, dimanche 2 avril 1972.<\/p>\n","protected":false},"excerpt":{"rendered":"<p>Mercredi 29 octobre 2014, 18h30. Le lac de Bienne, on l&rsquo;a fr\u00e9quent\u00e9 beaucoup de 1992 \u00e0 1998 pour Rousseau et l&rsquo;\u00eele Saint-Pierre, que l&rsquo;on voit \u00e0 l&rsquo;horizon. On a connu en avril 1972 les jet\u00e9es qui prolongent la ville de Bienne dans le lac. La photo de Liliane en provient. \u2014 Bienne, dimanche 2 avril &hellip; <a href=\"http:\/\/jlggb.net\/blog4\/?p=2194\" class=\"more-link\">Continuer la lecture de <span class=\"screen-reader-text\">Au bord du lac de Bienne le soir<\/span><\/a><\/p>\n","protected":false},"author":1,"featured_media":0,"comment_status":"closed","ping_status":"closed","sticky":false,"template":"","format":"standard","meta":{"footnotes":""},"categories":[275,152,104],"tags":[423,402,427],"class_list":["post-2194","post","type-post","status-publish","format-standard","hentry","category-lieu","category-lumiere","category-vision","tag-bienne","tag-lac","tag-rousseau"],"_links":{"self":[{"href":"http:\/\/jlggb.net\/blog4\/index.php?rest_route=\/wp\/v2\/posts\/2194","targetHints":{"allow":["GET"]}}],"collection":[{"href":"http:\/\/jlggb.net\/blog4\/index.php?rest_route=\/wp\/v2\/posts"}],"about":[{"href":"http:\/\/jlggb.net\/blog4\/index.php?rest_route=\/wp\/v2\/types\/post"}],"author":[{"embeddable":true,"href":"http:\/\/jlggb.net\/blog4\/index.php?rest_route=\/wp\/v2\/users\/1"}],"replies":[{"embeddable":true,"href":"http:\/\/jlggb.net\/blog4\/index.php?rest_route=%2Fwp%2Fv2%2Fcomments&post=2194"}],"version-history":[{"count":2,"href":"http:\/\/jlggb.net\/blog4\/index.php?rest_route=\/wp\/v2\/posts\/2194\/revisions"}],"predecessor-version":[{"id":3884,"href":"http:\/\/jlggb.net\/blog4\/index.php?rest_route=\/wp\/v2\/posts\/2194\/revisions\/3884"}],"wp:attachment":[{"href":"http:\/\/jlggb.net\/blog4\/index.php?rest_route=%2Fwp%2Fv2%2Fmedia&parent=2194"}],"wp:term":[{"taxonomy":"category","embeddable":true,"href":"http:\/\/jlggb.net\/blog4\/index.php?rest_route=%2Fwp%2Fv2%2Fcategories&post=2194"},{"taxonomy":"post_tag","embeddable":true,"href":"http:\/\/jlggb.net\/blog4\/index.php?rest_route=%2Fwp%2Fv2%2Ftags&post=2194"}],"curies":[{"name":"wp","href":"https:\/\/api.w.org\/{rel}","templated":true}]}}