{"id":217,"date":"2013-12-18T17:00:54","date_gmt":"2013-12-18T16:00:54","guid":{"rendered":"http:\/\/jlggb.net\/blog4\/?p=217"},"modified":"2024-10-24T23:54:33","modified_gmt":"2024-10-24T22:54:33","slug":"image-vs-texte","status":"publish","type":"post","link":"http:\/\/jlggb.net\/blog4\/?p=217","title":{"rendered":"Image vs Texte"},"content":{"rendered":"<p><a href=\"http:\/\/jlggb.net\/blog4\/wp-content\/uploads\/2013\/12\/ciel-lac-du-bourget.jpg\" data-rel=\"lightbox-gallery-U0L2gRqR\" data-imagelightbox=\"0\" data-rl_title=\"\" data-rl_caption=\"\" title=\"\"><img loading=\"lazy\" decoding=\"async\" class=\"alignnone size-full wp-image-218\" alt=\"ciel lac du bourget\" src=\"http:\/\/jlggb.net\/blog4\/wp-content\/uploads\/2013\/12\/ciel-lac-du-bourget.jpg\" width=\"640\" height=\"480\" srcset=\"http:\/\/jlggb.net\/blog4\/wp-content\/uploads\/2013\/12\/ciel-lac-du-bourget.jpg 2000w, http:\/\/jlggb.net\/blog4\/wp-content\/uploads\/2013\/12\/ciel-lac-du-bourget-200x150.jpg 200w, http:\/\/jlggb.net\/blog4\/wp-content\/uploads\/2013\/12\/ciel-lac-du-bourget-400x300.jpg 400w, http:\/\/jlggb.net\/blog4\/wp-content\/uploads\/2013\/12\/ciel-lac-du-bourget-150x112.jpg 150w\" sizes=\"auto, (max-width: 640px) 100vw, 640px\" \/><\/a><br \/>\nMercredi 18 d\u00e9cembre 2013, Aix-les-Bains, 17h. Depuis plusieurs jours, beau soleil et air agr\u00e9able dans la r\u00e9gion, comme ici au bord du lac.<\/p>\n<p>D&rsquo;apr\u00e8s les sites <a href=\"http:\/\/www.air-rhonealpes.fr\" target=\"_blank\" rel=\"noopener\">air-rhonealpes.fr<\/a> et <a href=\"http:\/\/www.respire-asso.org\/\" target=\"_blank\" rel=\"noopener\">respire-asso.org<\/a>&nbsp;: La France a enregistr\u00e9 depuis le 8 d\u00e9cembre une alerte aux particules, le plus grave \u00e9pisode de pollution depuis d\u00e9cembre 2007. Le risque d&rsquo;un d\u00e9passement du seuil d&rsquo;information reste fort sur l&rsquo;ensemble des zones de la r\u00e9gion, les plus fortes concentrations \u00e9tant mesur\u00e9es dans les vall\u00e9es alpines. Par cons\u00e9quent, le dispositif d\u2019alerte est maintenu sur l\u2019ensemble de la r\u00e9gion. Malgr\u00e9 les alertes sanitaires, en d\u00e9pit des menaces de sanctions financi\u00e8res de la cour de justice de l&rsquo;Union europ\u00e9enne, la France ne respecte pas les normes europ\u00e9ennes de qualit\u00e9 de l&rsquo;air. Douze millions de Fran\u00e7ais vivent dans des zones o\u00f9 les limites annuelles d&rsquo;\u00e9mission de particules PM10, extr\u00eamement nocives pour la sant\u00e9, sont d\u00e9pass\u00e9es. Les particules fines (PM en anglais, <em>Particulate Matter<\/em>) p\u00e9n\u00e8trent en profondeur dans les poumons. Elles peuvent \u00eatre \u00e0 l\u2019origine d\u2019inflammations, et de l\u2019aggravation de l\u2019\u00e9tat de sant\u00e9 des personnes atteintes de maladies cardiaques et pulmonaires. De plus, elles peuvent transporter des compos\u00e9s canc\u00e9rig\u00e8nes absorb\u00e9s sur leur surface jusque dans les poumons. Moyenne journali\u00e8re de PM estim\u00e9e ce 18 novembre 2013 \u00e0 17h \u00e0 Chamb\u00e9ry-le-Haut\u00a0&nbsp;: 67 \u00b5g\/m3 (50 \u00b5g\/m3 est la moyenne journali\u00e8re \u00e0 ne pas d\u00e9passer plus de 35 jours par an).<\/p><\/blockquote>\n","protected":false},"excerpt":{"rendered":"<p>Mercredi 18 d\u00e9cembre 2013, Aix-les-Bains, 17h. Depuis plusieurs jours, beau soleil et air agr\u00e9able dans la r\u00e9gion, comme ici au bord du lac. D&rsquo;apr\u00e8s les sites air-rhonealpes.fr et respire-asso.org&nbsp;: La France a enregistr\u00e9 depuis le 8 d\u00e9cembre une alerte aux particules, le plus grave \u00e9pisode de pollution depuis d\u00e9cembre 2007. Le risque d&rsquo;un d\u00e9passement du &hellip; <a href=\"http:\/\/jlggb.net\/blog4\/?p=217\" class=\"more-link\">Continuer la lecture de <span class=\"screen-reader-text\">Image vs Texte<\/span><\/a><\/p>\n","protected":false},"author":1,"featured_media":0,"comment_status":"closed","ping_status":"closed","sticky":false,"template":"","format":"standard","meta":{"footnotes":""},"categories":[129,103,97],"tags":[137,136],"class_list":["post-217","post","type-post","status-publish","format-standard","hentry","category-ciels","category-constatation","category-langage","tag-particules-fines","tag-pollution"],"_links":{"self":[{"href":"http:\/\/jlggb.net\/blog4\/index.php?rest_route=\/wp\/v2\/posts\/217","targetHints":{"allow":["GET"]}}],"collection":[{"href":"http:\/\/jlggb.net\/blog4\/index.php?rest_route=\/wp\/v2\/posts"}],"about":[{"href":"http:\/\/jlggb.net\/blog4\/index.php?rest_route=\/wp\/v2\/types\/post"}],"author":[{"embeddable":true,"href":"http:\/\/jlggb.net\/blog4\/index.php?rest_route=\/wp\/v2\/users\/1"}],"replies":[{"embeddable":true,"href":"http:\/\/jlggb.net\/blog4\/index.php?rest_route=%2Fwp%2Fv2%2Fcomments&post=217"}],"version-history":[{"count":1,"href":"http:\/\/jlggb.net\/blog4\/index.php?rest_route=\/wp\/v2\/posts\/217\/revisions"}],"predecessor-version":[{"id":3943,"href":"http:\/\/jlggb.net\/blog4\/index.php?rest_route=\/wp\/v2\/posts\/217\/revisions\/3943"}],"wp:attachment":[{"href":"http:\/\/jlggb.net\/blog4\/index.php?rest_route=%2Fwp%2Fv2%2Fmedia&parent=217"}],"wp:term":[{"taxonomy":"category","embeddable":true,"href":"http:\/\/jlggb.net\/blog4\/index.php?rest_route=%2Fwp%2Fv2%2Fcategories&post=217"},{"taxonomy":"post_tag","embeddable":true,"href":"http:\/\/jlggb.net\/blog4\/index.php?rest_route=%2Fwp%2Fv2%2Ftags&post=217"}],"curies":[{"name":"wp","href":"https:\/\/api.w.org\/{rel}","templated":true}]}}