{"id":2167,"date":"2014-10-31T12:30:28","date_gmt":"2014-10-31T10:30:28","guid":{"rendered":"http:\/\/jlggb.net\/blog4\/?p=2167"},"modified":"2014-11-08T03:28:00","modified_gmt":"2014-11-08T01:28:00","slug":"deep-web-a-la-kunsthalle-de-saint-gall","status":"publish","type":"post","link":"http:\/\/jlggb.net\/blog4\/?p=2167","title":{"rendered":"Deep Web \u00e0 la Kunsthalle de Saint-Gall"},"content":{"rendered":"<p><a href=\"http:\/\/jlggb.net\/blog4\/wp-content\/uploads\/2014\/11\/st-gall-kunsthalle-speech.jpg\" data-rel=\"lightbox-gallery-1s5760Ws\" data-imagelightbox=\"0\" data-rl_title=\"\" data-rl_caption=\"\" title=\"\"><img loading=\"lazy\" decoding=\"async\" class=\"alignnone size-full wp-image-2170\" src=\"http:\/\/jlggb.net\/blog4\/wp-content\/uploads\/2014\/11\/st-gall-kunsthalle-speech.jpg\" alt=\"st gall kunsthalle speech\" width=\"640\" height=\"480\" srcset=\"http:\/\/jlggb.net\/blog4\/wp-content\/uploads\/2014\/11\/st-gall-kunsthalle-speech.jpg 2000w, http:\/\/jlggb.net\/blog4\/wp-content\/uploads\/2014\/11\/st-gall-kunsthalle-speech-200x150.jpg 200w, http:\/\/jlggb.net\/blog4\/wp-content\/uploads\/2014\/11\/st-gall-kunsthalle-speech-400x300.jpg 400w, http:\/\/jlggb.net\/blog4\/wp-content\/uploads\/2014\/11\/st-gall-kunsthalle-speech-150x112.jpg 150w\" sizes=\"auto, (max-width: 640px) 100vw, 640px\" \/><\/a><br \/>\n<a href=\"http:\/\/jlggb.net\/blog4\/wp-content\/uploads\/2014\/11\/this-post-is-art.jpg\" data-rel=\"lightbox-gallery-1s5760Ws\" data-imagelightbox=\"1\" data-rl_title=\"\" data-rl_caption=\"\" title=\"\"><img loading=\"lazy\" decoding=\"async\" class=\"alignnone size-full wp-image-2169\" src=\"http:\/\/jlggb.net\/blog4\/wp-content\/uploads\/2014\/11\/this-post-is-art.jpg\" alt=\"this post is art\" width=\"640\" height=\"480\" srcset=\"http:\/\/jlggb.net\/blog4\/wp-content\/uploads\/2014\/11\/this-post-is-art.jpg 2000w, http:\/\/jlggb.net\/blog4\/wp-content\/uploads\/2014\/11\/this-post-is-art-200x150.jpg 200w, http:\/\/jlggb.net\/blog4\/wp-content\/uploads\/2014\/11\/this-post-is-art-400x300.jpg 400w, http:\/\/jlggb.net\/blog4\/wp-content\/uploads\/2014\/11\/this-post-is-art-150x112.jpg 150w\" sizes=\"auto, (max-width: 640px) 100vw, 640px\" \/><\/a><br \/>\nVendredi 31 octobre 2014, 12h30, Kunsthalle de Saint-Gall. L&rsquo;exposition <em>The Darknet \u2014 From Memes to Onionland. An Exploration<\/em> est expliqu\u00e9e par Giovanni Carmine, directeur de la Kunsthalle, \u00e0 un groupe d&rsquo;\u00e9tudiants et enseignants en art venus du Valais. Activiste, conceptuelle, int\u00e9ressante. Il y est question du Deep Web, la part cach\u00e9e \u2014\u00a0comme dans un iceberg\u00a0\u2014 du web. On est ici devant la pi\u00e8ce de xhacker02, <em>Artwork by Anonymous<\/em>, pr\u00eat\u00e9e par xhacker02, un post produit par un anonyme et achet\u00e9 par un anonyme. Site&nbsp;: <a href=\"http:\/\/www.kunsthallesanktgallen.ch\/en\/home.html\" target=\"_blank\">http:\/\/www.kunsthallesanktgallen.ch\/en\/home.html<\/a><\/p>\n","protected":false},"excerpt":{"rendered":"<p>Vendredi 31 octobre 2014, 12h30, Kunsthalle de Saint-Gall. L&rsquo;exposition The Darknet \u2014 From Memes to Onionland. An Exploration est expliqu\u00e9e par Giovanni Carmine, directeur de la Kunsthalle, \u00e0 un groupe d&rsquo;\u00e9tudiants et enseignants en art venus du Valais. Activiste, conceptuelle, int\u00e9ressante. Il y est question du Deep Web, la part cach\u00e9e \u2014\u00a0comme dans un iceberg\u00a0\u2014 &hellip; <a href=\"http:\/\/jlggb.net\/blog4\/?p=2167\" class=\"more-link\">Continuer la lecture de <span class=\"screen-reader-text\">Deep Web \u00e0 la Kunsthalle de Saint-Gall<\/span><\/a><\/p>\n","protected":false},"author":1,"featured_media":0,"comment_status":"closed","ping_status":"closed","sticky":false,"template":"","format":"standard","meta":{"footnotes":""},"categories":[254,111,122],"tags":[411,424],"class_list":["post-2167","post","type-post","status-publish","format-standard","hentry","category-art","category-exposition","category-superposition","tag-saint-gall","tag-web"],"_links":{"self":[{"href":"http:\/\/jlggb.net\/blog4\/index.php?rest_route=\/wp\/v2\/posts\/2167","targetHints":{"allow":["GET"]}}],"collection":[{"href":"http:\/\/jlggb.net\/blog4\/index.php?rest_route=\/wp\/v2\/posts"}],"about":[{"href":"http:\/\/jlggb.net\/blog4\/index.php?rest_route=\/wp\/v2\/types\/post"}],"author":[{"embeddable":true,"href":"http:\/\/jlggb.net\/blog4\/index.php?rest_route=\/wp\/v2\/users\/1"}],"replies":[{"embeddable":true,"href":"http:\/\/jlggb.net\/blog4\/index.php?rest_route=%2Fwp%2Fv2%2Fcomments&post=2167"}],"version-history":[{"count":0,"href":"http:\/\/jlggb.net\/blog4\/index.php?rest_route=\/wp\/v2\/posts\/2167\/revisions"}],"wp:attachment":[{"href":"http:\/\/jlggb.net\/blog4\/index.php?rest_route=%2Fwp%2Fv2%2Fmedia&parent=2167"}],"wp:term":[{"taxonomy":"category","embeddable":true,"href":"http:\/\/jlggb.net\/blog4\/index.php?rest_route=%2Fwp%2Fv2%2Fcategories&post=2167"},{"taxonomy":"post_tag","embeddable":true,"href":"http:\/\/jlggb.net\/blog4\/index.php?rest_route=%2Fwp%2Fv2%2Ftags&post=2167"}],"curies":[{"name":"wp","href":"https:\/\/api.w.org\/{rel}","templated":true}]}}