{"id":2135,"date":"2014-10-31T18:00:56","date_gmt":"2014-10-31T16:00:56","guid":{"rendered":"http:\/\/jlggb.net\/blog4\/?p=2135"},"modified":"2014-11-06T04:01:00","modified_gmt":"2014-11-06T02:01:00","slug":"kub-obb-boden-see","status":"publish","type":"post","link":"http:\/\/jlggb.net\/blog4\/?p=2135","title":{"rendered":"Kub, \u00d6BB, Boden See"},"content":{"rendered":"<p><a href=\"http:\/\/jlggb.net\/blog4\/wp-content\/uploads\/2014\/11\/bregenz-kub.jpg\" data-rel=\"lightbox-gallery-TnkM05qv\" data-imagelightbox=\"0\" data-rl_title=\"\" data-rl_caption=\"\" title=\"\"><img loading=\"lazy\" decoding=\"async\" src=\"http:\/\/jlggb.net\/blog4\/wp-content\/uploads\/2014\/11\/bregenz-kub.jpg\" alt=\"bregenz kub\" width=\"640\" height=\"480\" class=\"alignnone size-full wp-image-2138\" srcset=\"http:\/\/jlggb.net\/blog4\/wp-content\/uploads\/2014\/11\/bregenz-kub.jpg 2000w, http:\/\/jlggb.net\/blog4\/wp-content\/uploads\/2014\/11\/bregenz-kub-200x150.jpg 200w, http:\/\/jlggb.net\/blog4\/wp-content\/uploads\/2014\/11\/bregenz-kub-400x300.jpg 400w, http:\/\/jlggb.net\/blog4\/wp-content\/uploads\/2014\/11\/bregenz-kub-150x112.jpg 150w\" sizes=\"auto, (max-width: 640px) 100vw, 640px\" \/><\/a><br \/>\n<a href=\"http:\/\/jlggb.net\/blog4\/wp-content\/uploads\/2014\/11\/bregenz-passage.jpg\" data-rel=\"lightbox-gallery-TnkM05qv\" data-imagelightbox=\"1\" data-rl_title=\"\" data-rl_caption=\"\" title=\"\"><img loading=\"lazy\" decoding=\"async\" src=\"http:\/\/jlggb.net\/blog4\/wp-content\/uploads\/2014\/11\/bregenz-passage.jpg\" alt=\"bregenz passage\" width=\"640\" height=\"480\" class=\"alignnone size-full wp-image-2137\" srcset=\"http:\/\/jlggb.net\/blog4\/wp-content\/uploads\/2014\/11\/bregenz-passage.jpg 2000w, http:\/\/jlggb.net\/blog4\/wp-content\/uploads\/2014\/11\/bregenz-passage-200x150.jpg 200w, http:\/\/jlggb.net\/blog4\/wp-content\/uploads\/2014\/11\/bregenz-passage-400x300.jpg 400w, http:\/\/jlggb.net\/blog4\/wp-content\/uploads\/2014\/11\/bregenz-passage-150x112.jpg 150w\" sizes=\"auto, (max-width: 640px) 100vw, 640px\" \/><\/a><br \/>\n<a href=\"http:\/\/jlggb.net\/blog4\/wp-content\/uploads\/2014\/11\/bregenz-lac.jpg\" data-rel=\"lightbox-gallery-TnkM05qv\" data-imagelightbox=\"2\" data-rl_title=\"\" data-rl_caption=\"\" title=\"\"><img loading=\"lazy\" decoding=\"async\" src=\"http:\/\/jlggb.net\/blog4\/wp-content\/uploads\/2014\/11\/bregenz-lac.jpg\" alt=\"bregenz lac\" width=\"640\" height=\"480\" class=\"alignnone size-full wp-image-2136\" srcset=\"http:\/\/jlggb.net\/blog4\/wp-content\/uploads\/2014\/11\/bregenz-lac.jpg 2000w, http:\/\/jlggb.net\/blog4\/wp-content\/uploads\/2014\/11\/bregenz-lac-200x150.jpg 200w, http:\/\/jlggb.net\/blog4\/wp-content\/uploads\/2014\/11\/bregenz-lac-400x300.jpg 400w, http:\/\/jlggb.net\/blog4\/wp-content\/uploads\/2014\/11\/bregenz-lac-150x112.jpg 150w\" sizes=\"auto, (max-width: 640px) 100vw, 640px\" \/><\/a><br \/>\nVendredi 31 octobre 2014, 17h \u2014 18h, Bregenz, Autriche. Pour passer de la Kunst Haus KUB (<a href=\"http:\/\/www.kunsthaus-bregenz.at\" target=\"_blank\">http:\/\/www.kunsthaus-bregenz.at<\/a>), trop belle, de Peter Zumthor, au lac de Constance, il n&rsquo;y a que quelques pas \u00e0 faire, un passage \u00e0 niveau, mais qui ram\u00e8nent au r\u00e9el.<\/p>\n","protected":false},"excerpt":{"rendered":"<p>Vendredi 31 octobre 2014, 17h \u2014 18h, Bregenz, Autriche. Pour passer de la Kunst Haus KUB (http:\/\/www.kunsthaus-bregenz.at), trop belle, de Peter Zumthor, au lac de Constance, il n&rsquo;y a que quelques pas \u00e0 faire, un passage \u00e0 niveau, mais qui ram\u00e8nent au r\u00e9el.<\/p>\n","protected":false},"author":1,"featured_media":0,"comment_status":"closed","ping_status":"closed","sticky":false,"template":"","format":"standard","meta":{"footnotes":""},"categories":[130,275,101],"tags":[420,418,416,419,417],"class_list":["post-2135","post","type-post","status-publish","format-standard","hentry","category-composition","category-lieu","category-notation","tag-autriche","tag-bodensee","tag-bregenz","tag-lac-de-constance","tag-peter-zumthor"],"_links":{"self":[{"href":"http:\/\/jlggb.net\/blog4\/index.php?rest_route=\/wp\/v2\/posts\/2135","targetHints":{"allow":["GET"]}}],"collection":[{"href":"http:\/\/jlggb.net\/blog4\/index.php?rest_route=\/wp\/v2\/posts"}],"about":[{"href":"http:\/\/jlggb.net\/blog4\/index.php?rest_route=\/wp\/v2\/types\/post"}],"author":[{"embeddable":true,"href":"http:\/\/jlggb.net\/blog4\/index.php?rest_route=\/wp\/v2\/users\/1"}],"replies":[{"embeddable":true,"href":"http:\/\/jlggb.net\/blog4\/index.php?rest_route=%2Fwp%2Fv2%2Fcomments&post=2135"}],"version-history":[{"count":0,"href":"http:\/\/jlggb.net\/blog4\/index.php?rest_route=\/wp\/v2\/posts\/2135\/revisions"}],"wp:attachment":[{"href":"http:\/\/jlggb.net\/blog4\/index.php?rest_route=%2Fwp%2Fv2%2Fmedia&parent=2135"}],"wp:term":[{"taxonomy":"category","embeddable":true,"href":"http:\/\/jlggb.net\/blog4\/index.php?rest_route=%2Fwp%2Fv2%2Fcategories&post=2135"},{"taxonomy":"post_tag","embeddable":true,"href":"http:\/\/jlggb.net\/blog4\/index.php?rest_route=%2Fwp%2Fv2%2Ftags&post=2135"}],"curies":[{"name":"wp","href":"https:\/\/api.w.org\/{rel}","templated":true}]}}